{"id":5537,"date":"2019-07-16T10:58:09","date_gmt":"2019-07-16T09:58:09","guid":{"rendered":"http:\/\/www.dgs-fussball.de\/?p=5537"},"modified":"2019-07-16T10:58:09","modified_gmt":"2019-07-16T09:58:09","slug":"amtliche-bekanntmachung-der-dgs-fussball-sparte-neuer-sportgericht-nrw-und-bayern","status":"publish","type":"post","link":"https:\/\/www.dgs-fussball.de\/?p=5537","title":{"rendered":"Amtliche Bekanntmachung der DGS &#8211; Fu\u00dfball Sparte \/ Neuer Sportgericht ( NRW und Bayern )"},"content":{"rendered":"\n<p>Liebe Sportkameradinnen und Sportkameraden,<br><br>neuer Mitarbeiter der DGS \u2013 Sparte Fu\u00dfball\u00a0 Sportgericht f\u00fcr NRW \/ Bayern wird unser Philipp Seidel ab sofort f\u00fcr unseren ehemaligen Mitarbeiter Ricardo Scheuerer \u00fcbernehmen.<\/p>\n\n\n\n<div class=\"wp-block-image\"><figure class=\"aligncenter is-resized\"><img loading=\"lazy\" decoding=\"async\" src=\"https:\/\/mail.google.com\/mail\/u\/0?ui=2&amp;ik=2526a82967&amp;attid=0.1.1&amp;permmsgid=msg-f:1639146573636022313&amp;th=16bf6b1fc85fb029&amp;view=fimg&amp;sz=s0-l75-ft&amp;attbid=ANGjdJ_1AMAQTRjAiuGXcRH_HB5bfpWBxmREDTXlBKtBqIWBlqh6rjGj3tNL2HYjBc81sEOIy9BNnN40lenCvkvWTPnE7fAJOZxzirRFRonfJ0eMsaJhWR_EccTKwRE&amp;disp=emb\" alt=\"\" width=\"209\" height=\"279\"\/><\/figure><\/div>\n\n\n\n<p style=\"text-align:center\">Philipp Seidel<\/p>\n\n\n\n<p style=\"text-align:center\">E-Mail:\u00a0<a rel=\"noreferrer noopener\" href=\"mailto:Philipp.Seidel@dgs-fussball.de\" target=\"_blank\">Philipp.Seidel@dgs-fussball.de<\/a><\/p>\n\n\n\n<p>Mit sportlichen Gr\u00fc\u00dfen<br><br>Rainer B\u00fcrger<br>Verbandsfu\u00dfballwart<br>DGS &#8211; Sparte Fu\u00dfball\u00a0<\/p>\n\n\n\n<div class=\"wp-block-button\"><a class=\"wp-block-button__link\" href=\"https:\/\/www.dgs-fussball.de\/?page_id=5159 \">>> Spartenleitung \u00dcbersicht<\/a><\/div>\n","protected":false},"excerpt":{"rendered":"<p>Liebe Sportkameradinnen und Sportkameraden, neuer Mitarbeiter der DGS \u2013 Sparte Fu\u00dfball\u00a0 Sportgericht f\u00fcr NRW \/ Bayern wird unser Philipp Seidel ab sofort f\u00fcr unseren ehemaligen Mitarbeiter Ricardo Scheuerer \u00fcbernehmen. Philipp Seidel E-Mail:\u00a0Philipp.Seidel@dgs-fussball.de Mit sportlichen Gr\u00fc\u00dfen Rainer B\u00fcrgerVerbandsfu\u00dfballwartDGS &#8211; Sparte Fu\u00dfball\u00a0<\/p>\n","protected":false},"author":3,"featured_media":0,"comment_status":"closed","ping_status":"closed","sticky":false,"template":"","format":"standard","meta":{"ngg_post_thumbnail":0,"footnotes":""},"categories":[1],"tags":[],"class_list":["post-5537","post","type-post","status-publish","format-standard","hentry","category-allgemein"],"_links":{"self":[{"href":"https:\/\/www.dgs-fussball.de\/index.php?rest_route=\/wp\/v2\/posts\/5537","targetHints":{"allow":["GET"]}}],"collection":[{"href":"https:\/\/www.dgs-fussball.de\/index.php?rest_route=\/wp\/v2\/posts"}],"about":[{"href":"https:\/\/www.dgs-fussball.de\/index.php?rest_route=\/wp\/v2\/types\/post"}],"author":[{"embeddable":true,"href":"https:\/\/www.dgs-fussball.de\/index.php?rest_route=\/wp\/v2\/users\/3"}],"replies":[{"embeddable":true,"href":"https:\/\/www.dgs-fussball.de\/index.php?rest_route=%2Fwp%2Fv2%2Fcomments&post=5537"}],"version-history":[{"count":1,"href":"https:\/\/www.dgs-fussball.de\/index.php?rest_route=\/wp\/v2\/posts\/5537\/revisions"}],"predecessor-version":[{"id":5538,"href":"https:\/\/www.dgs-fussball.de\/index.php?rest_route=\/wp\/v2\/posts\/5537\/revisions\/5538"}],"wp:attachment":[{"href":"https:\/\/www.dgs-fussball.de\/index.php?rest_route=%2Fwp%2Fv2%2Fmedia&parent=5537"}],"wp:term":[{"taxonomy":"category","embeddable":true,"href":"https:\/\/www.dgs-fussball.de\/index.php?rest_route=%2Fwp%2Fv2%2Fcategories&post=5537"},{"taxonomy":"post_tag","embeddable":true,"href":"https:\/\/www.dgs-fussball.de\/index.php?rest_route=%2Fwp%2Fv2%2Ftags&post=5537"}],"curies":[{"name":"wp","href":"https:\/\/api.w.org\/{rel}","templated":true}]}}