{"id":5661,"date":"2019-10-19T21:55:23","date_gmt":"2019-10-19T20:55:23","guid":{"rendered":"http:\/\/www.dgs-fussball.de\/?p=5661"},"modified":"2019-10-19T21:55:23","modified_gmt":"2019-10-19T20:55:23","slug":"urlaubsmitteilung-rainer-buerger-3","status":"publish","type":"post","link":"https:\/\/www.dgs-fussball.de\/?p=5661","title":{"rendered":"Urlaubsmitteilung Rainer B\u00fcrger"},"content":{"rendered":"\n<p style=\"text-align:center\">Hallo liebe Sportkameraden,<\/p>\n\n\n\n<p style=\"text-align:center\">ich befinde mich von 21.10. bis 14.11.2019 im Urlaub.<\/p>\n\n\n\n<p style=\"text-align:center\">Da ich im Ausland bin, kann ich Mails oder Nachrichten mit gro\u00dfen Verz\u00f6gerung beantworten.<\/p>\n\n\n\n<p style=\"text-align:center\">Bitte wendet euch in der Zeit an meine Kollegen<\/p>\n\n\n\n<p style=\"text-align:center\">Verwaltungsstelle: Jens Becker unter jens.becker(\u00e4t)dgs-fussball.de<\/p>\n\n\n\n<p style=\"text-align:center\">Mit sportlichen Gr\u00fc\u00dfen<\/p>\n\n\n\n<p style=\"text-align:center\">Rainer B\u00fcrger<br>Verbandsfu\u00dfballwart<br>DGS \u2013 Sparte Fu\u00dfball<\/p>\n","protected":false},"excerpt":{"rendered":"<p>Hallo liebe Sportkameraden, ich befinde mich von 21.10. bis 14.11.2019 im Urlaub. Da ich im Ausland bin, kann ich Mails oder Nachrichten mit gro\u00dfen Verz\u00f6gerung beantworten. Bitte wendet euch in der Zeit an meine Kollegen Verwaltungsstelle: Jens Becker unter jens.becker(\u00e4t)dgs-fussball.de Mit sportlichen Gr\u00fc\u00dfen Rainer B\u00fcrgerVerbandsfu\u00dfballwartDGS \u2013 Sparte Fu\u00dfball<\/p>\n","protected":false},"author":1,"featured_media":0,"comment_status":"closed","ping_status":"closed","sticky":false,"template":"","format":"standard","meta":{"ngg_post_thumbnail":0,"footnotes":""},"categories":[1],"tags":[],"class_list":["post-5661","post","type-post","status-publish","format-standard","hentry","category-allgemein"],"_links":{"self":[{"href":"https:\/\/www.dgs-fussball.de\/index.php?rest_route=\/wp\/v2\/posts\/5661","targetHints":{"allow":["GET"]}}],"collection":[{"href":"https:\/\/www.dgs-fussball.de\/index.php?rest_route=\/wp\/v2\/posts"}],"about":[{"href":"https:\/\/www.dgs-fussball.de\/index.php?rest_route=\/wp\/v2\/types\/post"}],"author":[{"embeddable":true,"href":"https:\/\/www.dgs-fussball.de\/index.php?rest_route=\/wp\/v2\/users\/1"}],"replies":[{"embeddable":true,"href":"https:\/\/www.dgs-fussball.de\/index.php?rest_route=%2Fwp%2Fv2%2Fcomments&post=5661"}],"version-history":[{"count":3,"href":"https:\/\/www.dgs-fussball.de\/index.php?rest_route=\/wp\/v2\/posts\/5661\/revisions"}],"predecessor-version":[{"id":5664,"href":"https:\/\/www.dgs-fussball.de\/index.php?rest_route=\/wp\/v2\/posts\/5661\/revisions\/5664"}],"wp:attachment":[{"href":"https:\/\/www.dgs-fussball.de\/index.php?rest_route=%2Fwp%2Fv2%2Fmedia&parent=5661"}],"wp:term":[{"taxonomy":"category","embeddable":true,"href":"https:\/\/www.dgs-fussball.de\/index.php?rest_route=%2Fwp%2Fv2%2Fcategories&post=5661"},{"taxonomy":"post_tag","embeddable":true,"href":"https:\/\/www.dgs-fussball.de\/index.php?rest_route=%2Fwp%2Fv2%2Ftags&post=5661"}],"curies":[{"name":"wp","href":"https:\/\/api.w.org\/{rel}","templated":true}]}}