{"id":5666,"date":"2019-10-30T12:31:21","date_gmt":"2019-10-30T11:31:21","guid":{"rendered":"http:\/\/www.dgs-fussball.de\/?p=5666"},"modified":"2019-10-31T12:25:46","modified_gmt":"2019-10-31T11:25:46","slug":"testspiele-der-frauen-futsal-nationalmannschaft-und-u21-herren-nationalmannschaft","status":"publish","type":"post","link":"https:\/\/www.dgs-fussball.de\/?p=5666","title":{"rendered":"Testspiele der Frauen Futsal-nationalmannschaft und U21 Herren Nationalmannschaft"},"content":{"rendered":"\n<p>In den folgenden Tagen werden zwei Testspiele der Frauen Futsal-Nationalmannschaft und U21 Herren Nationalmannschaft ausgetragen.<\/p>\n\n\n\n<p>Zun\u00e4chst findet am 01.11.2019 das Testspiel der U21 Herren gegen GTSV Essen statt. <br><br>Die U21 Herren absolviert ein Trainingslager von 31.10. bis 03.11.2019 in M\u00fcnster zur Vorbereitung zur U21 Europameisterschaft im Juli \/ August 2020 (<a href=\"https:\/\/www.u21-football-2020.eu\/\">https:\/\/www.u21-football-2020.eu\/<\/a>). <\/p>\n\n\n\n<p><strong>Kader U21 Herren Nationalmannschaft f\u00fcr den Lehrgang in M\u00fcnster:<\/strong><\/p>\n\n\n\n<ol class=\"wp-block-list\"><li>Justin Sela Aydin (GSV D\u00fcsseldorf)<\/li><li>Dennis Oberd\u00f6rfer (GSF W.-D\u00f6nberg)<\/li><li>Jeremy Fischer (GSF W.-D\u00f6nberg) <\/li><li>Alexander Gaul (GSF W.-D\u00f6nberg) <\/li><li>Joel Wansi (GSF W.-D\u00f6nberg) <\/li><li>Ismael M\u00fcller (GSV Heidelberg)<\/li><li>Furkan \u00d6zt\u00fcrk (GSC Frankenthal)<\/li><li>Bastian Hoffmeyer (GSV D\u00fcsseldorf) <\/li><li>Erda Canga (Hamburger GSV)<\/li><li>Robby Fischer (Hamburger GSV) <\/li><li>Mergan Misni (Hamburger GSV) <\/li><li>Umut-Cem Tekin (Berliner SC Comet)<\/li><li>Muhammed Hagredini (Berliner SC Comet) <\/li><li>Fabian Pufhan (GTSV Essen)<\/li><li>Leon Schr\u00f6der (GSC Frankenthal) <\/li><li>Philipp Jaroschuk (GBF M\u00fcnchen)<\/li><li>Kevin Schley (GSC Frankenthal) <\/li><li>Alexander Voran (GSV Bamberg)<\/li><li>Robert Keilmann (Hamburger GSV) <\/li><li>Mirko Seeburger (GSV Karlsruhe)<\/li><li>Laurin Stirnkorb (GSG Stuttgart)<\/li><\/ol>\n\n\n\n<p><strong>Betreuerstab:<\/strong><\/p>\n\n\n\n<ul class=\"wp-block-list\"><li>Torben Meyer (Trainer) <\/li><li>Simon Bernardo (Trainer)<\/li><li>Joachim Gro\u00df (Trainer)<\/li><li>Daniel Haffke (Technischer Leiter)<\/li><li>Walter Roth (Physio)<\/li><\/ul>\n\n\n\n<p>Das Testspiel der Frauen Futsal findet am 06.11.2019 in Freiburg statt. <br><br>Die Futsal Frauen absolvieren zwei Trainingslager von 31.10. bis 03.11.2019 in Karlsruhe und 06. bis 08.11.2019 in Freiburg zur Vorbereitung zur Futsal-Weltmeisterschaft von 08. bis 17.11.2019 in Winterthur in der Schweiz (<a href=\"https:\/\/futsal2019.com\/\">https:\/\/futsal2019.com\/<\/a>). Der Kader muss noch f\u00fcr die Futsal-WM auf 12 Spielerinnen reduziert werden.<\/p>\n\n\n\n<p><strong>Kader Frauen Futsal-Nationalmannschaft f\u00fcr die Lehrg\u00e4nge und f\u00fcr die Futsal-WM in der Schweiz:<\/strong><\/p>\n\n\n\n<ol class=\"wp-block-list\"><li>Laura Hoffmann (GTSV Essen)<\/li><li>Melissa Gracic (GTSV Essen)<\/li><li>Jana Rerich (GTSV Essen) <\/li><li>Clarissa Toma (GTSV Essen) <\/li><li>Nicole Ilzh\u00f6fer (GSG Stuttgart)<\/li><li>Claire Alfes (GSV Freiburg)<\/li><li>Anna Wettin (Dresdner GSV)<\/li><li>Amanda Wysocka (GTSV Essen) <\/li><li>Vanessa Gerber (GSV Freiburg)<\/li><li>Nina Schlindwein (GSV Freiburg)<\/li><li>Sarina Krieg (GSG Stuttgart)<\/li><li>Patricia Gl\u00f6ckner (Dresdner GSV)<\/li><li>Anna Jegminat (GTSV Essen) <\/li><li>Ngoc Mai Nguyen (GSV Freiburg)<\/li><li>Julia \u00d6fele (GSV Karlsruhe)<\/li><\/ol>\n\n\n\n<p><strong>Betreuerstab<\/strong>:<\/p>\n\n\n\n<ul class=\"wp-block-list\"><li>Fillip Kieffer (Trainer)<\/li><li>Stefano Federico (Co-Trainer)<\/li><li>Benjamin Heymel (Technischer Leiter)<\/li><li>Christin Leidreiter (Physio)<\/li><\/ul>\n\n\n\n<p>Wir freuen uns auf zahlreiche Zuschauer bei beiden Testspielen.<\/p>\n\n\n\n<ul class=\"wp-block-gallery columns-1 is-cropped wp-block-gallery-1 is-layout-flex wp-block-gallery-is-layout-flex\"><li class=\"blocks-gallery-item\"><figure><img loading=\"lazy\" decoding=\"async\" width=\"2480\" height=\"3508\" src=\"https:\/\/i0.wp.com\/www.dgs-fussball.de\/wordpress\/wp-content\/uploads\/2019\/10\/Geh\u00f6rlosen_U21_Nationalmannschaft.jpg?fit=724%2C1024\" alt=\"\" data-id=\"5668\" data-link=\"https:\/\/www.dgs-fussball.de\/?attachment_id=5668\" class=\"wp-image-5668\" srcset=\"https:\/\/www.dgs-fussball.de\/wordpress\/wp-content\/uploads\/2019\/10\/Geh\u00f6rlosen_U21_Nationalmannschaft.jpg 2480w, https:\/\/www.dgs-fussball.de\/wordpress\/wp-content\/uploads\/2019\/10\/Geh\u00f6rlosen_U21_Nationalmannschaft-212x300.jpg 212w, https:\/\/www.dgs-fussball.de\/wordpress\/wp-content\/uploads\/2019\/10\/Geh\u00f6rlosen_U21_Nationalmannschaft-768x1086.jpg 768w, https:\/\/www.dgs-fussball.de\/wordpress\/wp-content\/uploads\/2019\/10\/Geh\u00f6rlosen_U21_Nationalmannschaft-724x1024.jpg 724w\" sizes=\"auto, (max-width: 2480px) 100vw, 2480px\" \/><\/figure><\/li><li class=\"blocks-gallery-item\"><figure><img loading=\"lazy\" decoding=\"async\" width=\"1600\" height=\"1600\" src=\"https:\/\/i1.wp.com\/www.dgs-fussball.de\/wordpress\/wp-content\/uploads\/2019\/10\/e2754991-5a11-4733-8648-a758fcd1155d-1.jpg?fit=860%2C860\" alt=\"\" data-id=\"5669\" data-link=\"https:\/\/www.dgs-fussball.de\/?attachment_id=5669\" class=\"wp-image-5669\" srcset=\"https:\/\/www.dgs-fussball.de\/wordpress\/wp-content\/uploads\/2019\/10\/e2754991-5a11-4733-8648-a758fcd1155d-1.jpg 1600w, https:\/\/www.dgs-fussball.de\/wordpress\/wp-content\/uploads\/2019\/10\/e2754991-5a11-4733-8648-a758fcd1155d-1-150x150.jpg 150w, https:\/\/www.dgs-fussball.de\/wordpress\/wp-content\/uploads\/2019\/10\/e2754991-5a11-4733-8648-a758fcd1155d-1-300x300.jpg 300w, https:\/\/www.dgs-fussball.de\/wordpress\/wp-content\/uploads\/2019\/10\/e2754991-5a11-4733-8648-a758fcd1155d-1-768x768.jpg 768w, https:\/\/www.dgs-fussball.de\/wordpress\/wp-content\/uploads\/2019\/10\/e2754991-5a11-4733-8648-a758fcd1155d-1-1024x1024.jpg 1024w, https:\/\/www.dgs-fussball.de\/wordpress\/wp-content\/uploads\/2019\/10\/e2754991-5a11-4733-8648-a758fcd1155d-1-90x90.jpg 90w, https:\/\/www.dgs-fussball.de\/wordpress\/wp-content\/uploads\/2019\/10\/e2754991-5a11-4733-8648-a758fcd1155d-1-75x75.jpg 75w, https:\/\/www.dgs-fussball.de\/wordpress\/wp-content\/uploads\/2019\/10\/e2754991-5a11-4733-8648-a758fcd1155d-1-50x50.jpg 50w\" sizes=\"auto, (max-width: 1600px) 100vw, 1600px\" \/><\/figure><\/li><\/ul>\n","protected":false},"excerpt":{"rendered":"<p>In den folgenden Tagen werden zwei Testspiele der Frauen Futsal-Nationalmannschaft und U21 Herren Nationalmannschaft ausgetragen. Zun\u00e4chst findet am 01.11.2019 das Testspiel der U21 Herren gegen GTSV Essen statt. Die U21 Herren absolviert ein Trainingslager von 31.10. bis 03.11.2019 in M\u00fcnster zur Vorbereitung zur U21 Europameisterschaft im Juli \/ August 2020 (https:\/\/www.u21-football-2020.eu\/). Kader U21 Herren Nationalmannschaft f\u00fcr den Lehrgang in M\u00fcnster:<\/p>\n","protected":false},"author":3,"featured_media":0,"comment_status":"closed","ping_status":"closed","sticky":false,"template":"","format":"standard","meta":{"ngg_post_thumbnail":0,"footnotes":""},"categories":[1,41,23],"tags":[],"class_list":["post-5666","post","type-post","status-publish","format-standard","hentry","category-allgemein","category-nationalmannschaft-fussball-u21maenner","category-nationalmannschaft-futsal-frauen"],"_links":{"self":[{"href":"https:\/\/www.dgs-fussball.de\/index.php?rest_route=\/wp\/v2\/posts\/5666","targetHints":{"allow":["GET"]}}],"collection":[{"href":"https:\/\/www.dgs-fussball.de\/index.php?rest_route=\/wp\/v2\/posts"}],"about":[{"href":"https:\/\/www.dgs-fussball.de\/index.php?rest_route=\/wp\/v2\/types\/post"}],"author":[{"embeddable":true,"href":"https:\/\/www.dgs-fussball.de\/index.php?rest_route=\/wp\/v2\/users\/3"}],"replies":[{"embeddable":true,"href":"https:\/\/www.dgs-fussball.de\/index.php?rest_route=%2Fwp%2Fv2%2Fcomments&post=5666"}],"version-history":[{"count":4,"href":"https:\/\/www.dgs-fussball.de\/index.php?rest_route=\/wp\/v2\/posts\/5666\/revisions"}],"predecessor-version":[{"id":5675,"href":"https:\/\/www.dgs-fussball.de\/index.php?rest_route=\/wp\/v2\/posts\/5666\/revisions\/5675"}],"wp:attachment":[{"href":"https:\/\/www.dgs-fussball.de\/index.php?rest_route=%2Fwp%2Fv2%2Fmedia&parent=5666"}],"wp:term":[{"taxonomy":"category","embeddable":true,"href":"https:\/\/www.dgs-fussball.de\/index.php?rest_route=%2Fwp%2Fv2%2Fcategories&post=5666"},{"taxonomy":"post_tag","embeddable":true,"href":"https:\/\/www.dgs-fussball.de\/index.php?rest_route=%2Fwp%2Fv2%2Ftags&post=5666"}],"curies":[{"name":"wp","href":"https:\/\/api.w.org\/{rel}","templated":true}]}}