{"id":5911,"date":"2020-01-22T14:38:09","date_gmt":"2020-01-22T13:38:09","guid":{"rendered":"http:\/\/www.dgs-fussball.de\/?p=5911"},"modified":"2020-01-22T14:38:09","modified_gmt":"2020-01-22T13:38:09","slug":"amtliche-bekanntmachung-neuer-techn-leiter-fuer-jugend","status":"publish","type":"post","link":"https:\/\/www.dgs-fussball.de\/?p=5911","title":{"rendered":"AMTLICHE BEKANNTMACHUNG \/ NEUER Techn. Leiter f\u00fcr Jugend"},"content":{"rendered":"\n<p><\/p>\n\n\n\n<p class=\"has-text-align-center\">Liebe Mailempf\u00e4nger,<\/p>\n\n\n\n<p class=\"has-text-align-center\"><br>da unser DGS &#8211; Sparte Fu\u00dfball ehemaliger Techn. Leiter f\u00fcr Jugend Daniel Haffke Mitarbeiter letztes Jahr zur\u00fcckgezogen hatte, haben wir im neuen Jahr einen neuen Techn. Leiter f\u00fcr Jugend gefunden,<br>                    Mathias Tamm aus Wuppertal (NRW) wird ab sofort zum neuen Techn. Leiter f\u00fcr Jugend f\u00fcr die                                                       DGS &#8211; Sparte Fu\u00dfball t\u00e4tig.<\/p>\n\n\n\n<div class=\"wp-block-image\"><figure class=\"aligncenter size-large is-resized\"><img loading=\"lazy\" decoding=\"async\" src=\"https:\/\/www.dgs-fussball.de\/wordpress\/wp-content\/uploads\/2020\/01\/2-3.jpg\" alt=\"\" class=\"wp-image-5910\" width=\"249\" height=\"328\" srcset=\"https:\/\/www.dgs-fussball.de\/wordpress\/wp-content\/uploads\/2020\/01\/2-3.jpg 486w, https:\/\/www.dgs-fussball.de\/wordpress\/wp-content\/uploads\/2020\/01\/2-3-228x300.jpg 228w\" sizes=\"auto, (max-width: 249px) 100vw, 249px\" \/><\/figure><\/div>\n\n\n\n<p class=\"has-text-align-center\"><br>Mit sportlichen Gr\u00fc\u00dfen<br>Rainer B\u00fcrger<br>Verbandsfu\u00dfballwart \/ DGS &#8211; Sparte Fu\u00dfball\u00a0<br><\/p>\n","protected":false},"excerpt":{"rendered":"<p>Liebe Mailempf\u00e4nger, da unser DGS &#8211; Sparte Fu\u00dfball ehemaliger Techn. Leiter f\u00fcr Jugend Daniel Haffke Mitarbeiter letztes Jahr zur\u00fcckgezogen hatte, haben wir im neuen Jahr einen neuen Techn. Leiter f\u00fcr Jugend gefunden, Mathias Tamm aus Wuppertal (NRW) wird ab sofort zum neuen Techn. Leiter f\u00fcr Jugend f\u00fcr die DGS &#8211; Sparte Fu\u00dfball t\u00e4tig. Mit sportlichen Gr\u00fc\u00dfenRainer B\u00fcrgerVerbandsfu\u00dfballwart \/ DGS &#8211;<\/p>\n","protected":false},"author":1,"featured_media":0,"comment_status":"closed","ping_status":"closed","sticky":false,"template":"","format":"standard","meta":{"ngg_post_thumbnail":0,"footnotes":""},"categories":[1],"tags":[],"class_list":["post-5911","post","type-post","status-publish","format-standard","hentry","category-allgemein"],"_links":{"self":[{"href":"https:\/\/www.dgs-fussball.de\/index.php?rest_route=\/wp\/v2\/posts\/5911","targetHints":{"allow":["GET"]}}],"collection":[{"href":"https:\/\/www.dgs-fussball.de\/index.php?rest_route=\/wp\/v2\/posts"}],"about":[{"href":"https:\/\/www.dgs-fussball.de\/index.php?rest_route=\/wp\/v2\/types\/post"}],"author":[{"embeddable":true,"href":"https:\/\/www.dgs-fussball.de\/index.php?rest_route=\/wp\/v2\/users\/1"}],"replies":[{"embeddable":true,"href":"https:\/\/www.dgs-fussball.de\/index.php?rest_route=%2Fwp%2Fv2%2Fcomments&post=5911"}],"version-history":[{"count":10,"href":"https:\/\/www.dgs-fussball.de\/index.php?rest_route=\/wp\/v2\/posts\/5911\/revisions"}],"predecessor-version":[{"id":5921,"href":"https:\/\/www.dgs-fussball.de\/index.php?rest_route=\/wp\/v2\/posts\/5911\/revisions\/5921"}],"wp:attachment":[{"href":"https:\/\/www.dgs-fussball.de\/index.php?rest_route=%2Fwp%2Fv2%2Fmedia&parent=5911"}],"wp:term":[{"taxonomy":"category","embeddable":true,"href":"https:\/\/www.dgs-fussball.de\/index.php?rest_route=%2Fwp%2Fv2%2Fcategories&post=5911"},{"taxonomy":"post_tag","embeddable":true,"href":"https:\/\/www.dgs-fussball.de\/index.php?rest_route=%2Fwp%2Fv2%2Ftags&post=5911"}],"curies":[{"name":"wp","href":"https:\/\/api.w.org\/{rel}","templated":true}]}}