{"id":5992,"date":"2020-02-11T14:45:52","date_gmt":"2020-02-11T13:45:52","guid":{"rendered":"http:\/\/www.dgs-fussball.de\/?p=5992"},"modified":"2020-03-06T10:13:08","modified_gmt":"2020-03-06T09:13:08","slug":"bekanntmachung-der-dgs-sparte-fussball-ab-sofort-trainerteam-der-u21-nationalmannschaft-neu-aufgestellt","status":"publish","type":"post","link":"https:\/\/www.dgs-fussball.de\/?p=5992","title":{"rendered":"Bekanntmachung der DGS Sparte Fu\u00dfball"},"content":{"rendered":"\n<h2 class=\"has-text-align-center wp-block-heading\"><strong>Ab sofort Trainerteam der U21-Nationalmannschaft neu aufgestellt<\/strong><\/h2>\n\n\n\n<p class=\"has-text-align-center\">Auf diesem Wege wird mitgeteilt, dass durch Entscheidung des DGS Pr\u00e4sidium und der DGS Sparte Fu\u00dfball nach Ausscheiden des alten Trainerteams ein neues Trainerteam wieder neu aufgestellt wird. <\/p>\n\n\n\n<p class=\"has-text-align-center\">Ab sofort wird die U21   Nationalmannschaft von&nbsp;<strong>Shahin-Reza Philipp<\/strong>&nbsp;(Bundestrainer),&nbsp;<strong>Andreas M\u00fcller<\/strong>&nbsp;(Co-Trainer),  <strong>Guido Geisler<\/strong> (Torwart-Trainer) und&nbsp; <strong>Mathias Tamm<\/strong>&nbsp;(Betreuer) bis zum Ende der U21 Europameisterschaft 2020 in Baunatal betreut.Die Sparte Fu\u00dfball bedankt sich herzlich bei Torben Meyer, Simon Bernardo und Achim Gro\u00df f\u00fcr die gute Fu\u00dfballsarbeit in den letzten vier Jahren.<\/p>\n\n\n\n<div class=\"wp-block-image\"><figure class=\"aligncenter size-large is-resized\"><img loading=\"lazy\" decoding=\"async\" src=\"https:\/\/www.dgs-fussball.de\/wordpress\/wp-content\/uploads\/2020\/02\/2.jpg\" alt=\"\" class=\"wp-image-5938\" width=\"214\" height=\"307\" srcset=\"https:\/\/www.dgs-fussball.de\/wordpress\/wp-content\/uploads\/2020\/02\/2.jpg 630w, https:\/\/www.dgs-fussball.de\/wordpress\/wp-content\/uploads\/2020\/02\/2-209x300.jpg 209w\" sizes=\"auto, (max-width: 214px) 100vw, 214px\" \/><figcaption>Shahin-Reza Philipp<\/figcaption><\/figure><\/div>\n\n\n\n<div class=\"wp-block-image\"><figure class=\"aligncenter size-large is-resized\"><img loading=\"lazy\" decoding=\"async\" src=\"https:\/\/www.dgs-fussball.de\/wordpress\/wp-content\/uploads\/2020\/02\/2-3-e1581078361378.jpg\" alt=\"\" class=\"wp-image-5945\" width=\"206\" height=\"275\"\/><figcaption>Andreas M\u00fcller<\/figcaption><\/figure><\/div>\n\n\n\n<div class=\"wp-block-image\"><figure class=\"aligncenter size-large is-resized\"><img loading=\"lazy\" decoding=\"async\" src=\"https:\/\/www.dgs-fussball.de\/wordpress\/wp-content\/uploads\/2020\/02\/2-5.jpg\" alt=\"\" class=\"wp-image-6027\" width=\"205\" height=\"262\" srcset=\"https:\/\/www.dgs-fussball.de\/wordpress\/wp-content\/uploads\/2020\/02\/2-5.jpg 406w, https:\/\/www.dgs-fussball.de\/wordpress\/wp-content\/uploads\/2020\/02\/2-5-235x300.jpg 235w\" sizes=\"auto, (max-width: 205px) 100vw, 205px\" \/><figcaption>Guido Geisler<\/figcaption><\/figure><\/div>\n\n\n\n<div class=\"wp-block-image\"><figure class=\"aligncenter size-large is-resized\"><img loading=\"lazy\" decoding=\"async\" src=\"https:\/\/www.dgs-fussball.de\/wordpress\/wp-content\/uploads\/2020\/01\/2-3.jpg\" alt=\"\" class=\"wp-image-5910\" width=\"210\" height=\"277\" srcset=\"https:\/\/www.dgs-fussball.de\/wordpress\/wp-content\/uploads\/2020\/01\/2-3.jpg 486w, https:\/\/www.dgs-fussball.de\/wordpress\/wp-content\/uploads\/2020\/01\/2-3-228x300.jpg 228w\" sizes=\"auto, (max-width: 210px) 100vw, 210px\" \/><figcaption>Mathias Tamm<\/figcaption><\/figure><\/div>\n\n\n\n<p class=\"has-text-align-center\"><strong>Termine 2020 f\u00fcr U21 zur Vorbereitung U21 Europameisterschaft sind:<\/strong><br><\/p>\n\n\n\n<p class=\"has-text-align-center\">19. &#8211; 22.  M\u00e4rz in Saarbr\u00fccken<\/p>\n\n\n\n<p class=\"has-text-align-center\">22. &#8211; 26. April in Baunatal<\/p>\n\n\n\n<p class=\"has-text-align-center\">25. Juli &#8211; 09. August in Baunatal<\/p>\n\n\n\n<p class=\"has-text-align-center\">Jens Becker<br>Verwaltungsstelle   \/   DGS Sparte Fu\u00dfball <\/p>\n","protected":false},"excerpt":{"rendered":"<p>Ab sofort Trainerteam der U21-Nationalmannschaft neu aufgestellt Auf diesem Wege wird mitgeteilt, dass durch Entscheidung des DGS Pr\u00e4sidium und der DGS Sparte Fu\u00dfball nach Ausscheiden des alten Trainerteams ein neues Trainerteam wieder neu aufgestellt wird. Ab sofort wird die U21 Nationalmannschaft von&nbsp;Shahin-Reza Philipp&nbsp;(Bundestrainer),&nbsp;Andreas M\u00fcller&nbsp;(Co-Trainer), Guido Geisler (Torwart-Trainer) und&nbsp; Mathias Tamm&nbsp;(Betreuer) bis zum Ende der U21 Europameisterschaft 2020 in Baunatal betreut.Die<\/p>\n","protected":false},"author":1,"featured_media":0,"comment_status":"closed","ping_status":"closed","sticky":false,"template":"","format":"standard","meta":{"ngg_post_thumbnail":0,"footnotes":""},"categories":[1,41],"tags":[],"class_list":["post-5992","post","type-post","status-publish","format-standard","hentry","category-allgemein","category-nationalmannschaft-fussball-u21maenner"],"_links":{"self":[{"href":"https:\/\/www.dgs-fussball.de\/index.php?rest_route=\/wp\/v2\/posts\/5992","targetHints":{"allow":["GET"]}}],"collection":[{"href":"https:\/\/www.dgs-fussball.de\/index.php?rest_route=\/wp\/v2\/posts"}],"about":[{"href":"https:\/\/www.dgs-fussball.de\/index.php?rest_route=\/wp\/v2\/types\/post"}],"author":[{"embeddable":true,"href":"https:\/\/www.dgs-fussball.de\/index.php?rest_route=\/wp\/v2\/users\/1"}],"replies":[{"embeddable":true,"href":"https:\/\/www.dgs-fussball.de\/index.php?rest_route=%2Fwp%2Fv2%2Fcomments&post=5992"}],"version-history":[{"count":7,"href":"https:\/\/www.dgs-fussball.de\/index.php?rest_route=\/wp\/v2\/posts\/5992\/revisions"}],"predecessor-version":[{"id":6067,"href":"https:\/\/www.dgs-fussball.de\/index.php?rest_route=\/wp\/v2\/posts\/5992\/revisions\/6067"}],"wp:attachment":[{"href":"https:\/\/www.dgs-fussball.de\/index.php?rest_route=%2Fwp%2Fv2%2Fmedia&parent=5992"}],"wp:term":[{"taxonomy":"category","embeddable":true,"href":"https:\/\/www.dgs-fussball.de\/index.php?rest_route=%2Fwp%2Fv2%2Fcategories&post=5992"},{"taxonomy":"post_tag","embeddable":true,"href":"https:\/\/www.dgs-fussball.de\/index.php?rest_route=%2Fwp%2Fv2%2Ftags&post=5992"}],"curies":[{"name":"wp","href":"https:\/\/api.w.org\/{rel}","templated":true}]}}