{"id":6082,"date":"2020-05-07T08:31:15","date_gmt":"2020-05-07T07:31:15","guid":{"rendered":"http:\/\/www.dgs-fussball.de\/?p=6082"},"modified":"2020-05-07T08:31:15","modified_gmt":"2020-05-07T07:31:15","slug":"offizielle-mitteilung-neuer-mitgliedsverein-gsc-heilbronn-e-v-bei-der-sparte-fussball","status":"publish","type":"post","link":"https:\/\/www.dgs-fussball.de\/?p=6082","title":{"rendered":"Offizielle Mitteilung Neuer Mitgliedsverein GSC Heilbronn e.V. bei der Sparte Fu\u00dfball"},"content":{"rendered":"\n<p class=\"has-text-align-center\">Liebe Fu\u00dfballkameraden,<br><\/p>\n\n\n\n<p class=\"has-text-align-center\">hiermit teilen wir Euch mit, dass bei uns offiziell ein neuer Fu\u00dfballverein GSC Heilbronn dazugesto\u00dfen, herzlichen Willkommen bei der DGS Sparte Fu\u00dfball.<br>neuer Ansprechpartner ist:<\/p>\n\n\n\n<p class=\"has-text-align-center\">GSC Heilbronn e.v.<br>Shane Kirk&nbsp;<\/p>\n\n\n\n<p class=\"has-text-align-center\"><a href=\"mailto:gscheilbronn@gmail.com\" target=\"_blank\" rel=\"noreferrer noopener\">gscheilbronn@gmail.com<\/a><\/p>\n\n\n\n<p class=\"has-text-align-center\">Trotz Viruszeit m\u00f6chten wir Euch allen weiterhin viel Kraft und Gesundheit und hoffen, dass wir bald unserem liebsten Hobby fr\u00f6nen k\u00f6nnen.<br>Bleibt gesund.<br><br>Mit sportlichen Gr\u00fc\u00dfen<\/p>\n\n\n\n<p class=\"has-text-align-center\">Rainer B\u00fcrger<\/p>\n\n\n\n<p class=\"has-text-align-center\">Verbandsfu\u00dfballwart<br>DGS &#8211; Sparte Fu\u00dfball&nbsp;<\/p>\n\n\n\n<p><\/p>\n","protected":false},"excerpt":{"rendered":"<p>Liebe Fu\u00dfballkameraden, hiermit teilen wir Euch mit, dass bei uns offiziell ein neuer Fu\u00dfballverein GSC Heilbronn dazugesto\u00dfen, herzlichen Willkommen bei der DGS Sparte Fu\u00dfball.neuer Ansprechpartner ist: GSC Heilbronn e.v.Shane Kirk&nbsp; gscheilbronn@gmail.com Trotz Viruszeit m\u00f6chten wir Euch allen weiterhin viel Kraft und Gesundheit und hoffen, dass wir bald unserem liebsten Hobby fr\u00f6nen k\u00f6nnen.Bleibt gesund. Mit sportlichen Gr\u00fc\u00dfen Rainer B\u00fcrger Verbandsfu\u00dfballwartDGS &#8211;<\/p>\n","protected":false},"author":1,"featured_media":0,"comment_status":"closed","ping_status":"closed","sticky":false,"template":"","format":"standard","meta":{"ngg_post_thumbnail":0,"footnotes":""},"categories":[1],"tags":[],"class_list":["post-6082","post","type-post","status-publish","format-standard","hentry","category-allgemein"],"_links":{"self":[{"href":"https:\/\/www.dgs-fussball.de\/index.php?rest_route=\/wp\/v2\/posts\/6082","targetHints":{"allow":["GET"]}}],"collection":[{"href":"https:\/\/www.dgs-fussball.de\/index.php?rest_route=\/wp\/v2\/posts"}],"about":[{"href":"https:\/\/www.dgs-fussball.de\/index.php?rest_route=\/wp\/v2\/types\/post"}],"author":[{"embeddable":true,"href":"https:\/\/www.dgs-fussball.de\/index.php?rest_route=\/wp\/v2\/users\/1"}],"replies":[{"embeddable":true,"href":"https:\/\/www.dgs-fussball.de\/index.php?rest_route=%2Fwp%2Fv2%2Fcomments&post=6082"}],"version-history":[{"count":1,"href":"https:\/\/www.dgs-fussball.de\/index.php?rest_route=\/wp\/v2\/posts\/6082\/revisions"}],"predecessor-version":[{"id":6083,"href":"https:\/\/www.dgs-fussball.de\/index.php?rest_route=\/wp\/v2\/posts\/6082\/revisions\/6083"}],"wp:attachment":[{"href":"https:\/\/www.dgs-fussball.de\/index.php?rest_route=%2Fwp%2Fv2%2Fmedia&parent=6082"}],"wp:term":[{"taxonomy":"category","embeddable":true,"href":"https:\/\/www.dgs-fussball.de\/index.php?rest_route=%2Fwp%2Fv2%2Fcategories&post=6082"},{"taxonomy":"post_tag","embeddable":true,"href":"https:\/\/www.dgs-fussball.de\/index.php?rest_route=%2Fwp%2Fv2%2Ftags&post=6082"}],"curies":[{"name":"wp","href":"https:\/\/api.w.org\/{rel}","templated":true}]}}