{"id":6145,"date":"2020-07-15T09:24:24","date_gmt":"2020-07-15T08:24:24","guid":{"rendered":"http:\/\/www.dgs-fussball.de\/?p=6145"},"modified":"2020-07-15T11:05:48","modified_gmt":"2020-07-15T10:05:48","slug":"vorbericht-lehrgang-der-herren-in-sportschule-hennef-16-07-19-07-2020","status":"publish","type":"post","link":"https:\/\/www.dgs-fussball.de\/?p=6145","title":{"rendered":"Vorbericht Lehrgang der Herren in Sportschule Hennef 16.07. &#8211; 19.07.2020"},"content":{"rendered":"\n<p>Nach lang ersehnten \u201e<strong>Warten<\/strong>\u201c der Corona Pause findet endlich wieder ein vier t\u00e4giges Fu\u00dfball Lehrgang f\u00fcr die Geh\u00f6rlosen-Nationalmannschaft in Sportschule Hennef statt. (16.7 -19.7.2020)<\/p>\n\n\n\n<p>Cheftrainer Frank Z\u00fcrn ladet diesmal 22 Spieler zum Lehrgang ein. Es werden sicherlich der ein oder andere neue Gesichter geben die sich ihr fu\u00dfballerisches K\u00f6nnen unter Beweis stellen wollen.<\/p>\n\n\n\n<p>Trotz Thema \u201e<strong>Corona<\/strong>\u201c ist uns allen bewusst das wir dies sehr streng befolgen und auch einhalten werden. Umso mehr freuen wir uns auf das Wiedersehen und machen das bestm\u00f6gliche daraus um ein gutes Programm zu gestalten. 6 mal Training wie auch 2 Testspiele stehen auf dem Programm. Das Trainer Team wie Betreuer Team und Physiotherapeut freuen sich auf die Jungs. Wichtig ist das wir diese Zeit in Hennef nutzen wie auch zusammen trainieren k\u00f6nnen dank der Auflockerung , wir sehen dies als Vorbereitung f\u00fcr das Qualifikationsspiel gegen Belgien die in kommenden Oktober 2020 stattfindet, ebenso f\u00fcr die Weltmeisterschaft nach S\u00fcdkorea was noch fraglich ist aufgrund der 2.Welle (Pandemie) in S\u00fcdkorea (November 2020) da wir auf die Offizielle Best\u00e4tigung des Weltverbandes abwarten.<\/p>\n\n\n\n<div class=\"wp-block-image\"><figure class=\"aligncenter size-large is-resized\"><img loading=\"lazy\" decoding=\"async\" src=\"https:\/\/www.dgs-fussball.de\/wordpress\/wp-content\/uploads\/2020\/07\/2-1024x576.jpg\" alt=\"\" class=\"wp-image-6152\" width=\"684\" height=\"384\" srcset=\"https:\/\/www.dgs-fussball.de\/wordpress\/wp-content\/uploads\/2020\/07\/2-1024x576.jpg 1024w, https:\/\/www.dgs-fussball.de\/wordpress\/wp-content\/uploads\/2020\/07\/2-300x169.jpg 300w, https:\/\/www.dgs-fussball.de\/wordpress\/wp-content\/uploads\/2020\/07\/2-768x432.jpg 768w, https:\/\/www.dgs-fussball.de\/wordpress\/wp-content\/uploads\/2020\/07\/2.jpg 1328w\" sizes=\"auto, (max-width: 684px) 100vw, 684px\" \/><figcaption>Training beim Lehrgang<\/figcaption><\/figure><\/div>\n\n\n\n<p>Testspiele:<\/p>\n\n\n\n<p>17.7.2020 \/ 19 Uhr (Freitag)&nbsp;&nbsp;&nbsp;&nbsp;&nbsp;&nbsp;&nbsp;<\/p>\n\n\n\n<p>SV L\u00f6venich (A-Klasse)<\/p>\n\n\n\n<p>Wo: Sportschule Hennef<\/p>\n\n\n\n<p>18.07.2020 \/ 19 Uhr (Samstag)&nbsp;&nbsp;<\/p>\n\n\n\n<p>FC Hennef U19 (Mittelrheinliga)<\/p>\n\n\n\n<p>Wo: Sportschule Hennef<\/p>\n\n\n\n<p><\/p>\n\n\n\n<p><\/p>\n\n\n\n<p>Aktueller Kader \/ Sportschule Hennef<\/p>\n\n\n\n<p>1. Justin Sela Aydin GSV D\u00fcsseldorf<\/p>\n\n\n\n<p>2. Luca Ballmann GSV D\u00fcsseldorf<\/p>\n\n\n\n<p>3. Kevin Bayer GSV Karlsruhe<\/p>\n\n\n\n<p>4. Robin Steven Bayer GSV Karlsruhe<\/p>\n\n\n\n<p>5. Marc Christ GTSV Essen<\/p>\n\n\n\n<p>6. Alexander Voran GSV D\u00fcsseldorf<\/p>\n\n\n\n<p>7. Andreas Fischer GSV D\u00fcsseldorf<\/p>\n\n\n\n<p>8. Robert Hofmann GSG Stuttgart<\/p>\n\n\n\n<p>9. Dennis Karczewski GTSV Essen<\/p>\n\n\n\n<p>10. Fabian Kuppe GBF M\u00fcnchen<\/p>\n\n\n\n<p>11. Steven Nowark GSG Stuttgart<\/p>\n\n\n\n<p>12. Robin Plank GSV D\u00fcsseldorf<\/p>\n\n\n\n<p>13. Marcel Rekus GTSV Essen<\/p>\n\n\n\n<p>14. Bastian Janis Hoffmeyer GSV D\u00fcsseldorf<\/p>\n\n\n\n<p>15. Marcus Seeburger GSV Karlsruhe<\/p>\n\n\n\n<p>16. Rocky Aue GSC N\u00fcrnberg<\/p>\n\n\n\n<p>17. David Seiberlich GSV Karlsruhe<\/p>\n\n\n\n<p>18. Fabian Trappe GTSV Essen<\/p>\n\n\n\n<p>19. Andr\u00e9 Zapf GSV D\u00fcsseldorf<\/p>\n\n\n\n<p>20. Nico Knappe GSV Karlsruhe<\/p>\n\n\n\n<p>21. Joshua F\u00fcner GSG Stuttgart<\/p>\n\n\n\n<p>22. Jan Medewitz GSG Stuttgart<\/p>\n\n\n\n<p>Betreuerstab<\/p>\n\n\n\n<p>1. Frank Z\u00fcrn Trainer<\/p>\n\n\n\n<p>2. Dirk Zimmermann Trainer<\/p>\n\n\n\n<p>3. Berthold Weishof Trainer<\/p>\n\n\n\n<p>4. Richard Konstantin Trainer<\/p>\n\n\n\n<p>5. Jens Becker Betreuer<\/p>\n\n\n\n<p>6. Rainer B\u00fcrger Betreuer<\/p>\n\n\n\n<p>7. Frank H\u00f6rstmann Physiotherapeut                                                                                                    <\/p>\n","protected":false},"excerpt":{"rendered":"<p>Nach lang ersehnten \u201eWarten\u201c der Corona Pause findet endlich wieder ein vier t\u00e4giges Fu\u00dfball Lehrgang f\u00fcr die Geh\u00f6rlosen-Nationalmannschaft in Sportschule Hennef statt. (16.7 -19.7.2020) Cheftrainer Frank Z\u00fcrn ladet diesmal 22 Spieler zum Lehrgang ein. Es werden sicherlich der ein oder andere neue Gesichter geben die sich ihr fu\u00dfballerisches K\u00f6nnen unter Beweis stellen wollen. Trotz Thema \u201eCorona\u201c ist uns allen bewusst<\/p>\n","protected":false},"author":1,"featured_media":0,"comment_status":"closed","ping_status":"closed","sticky":false,"template":"","format":"standard","meta":{"ngg_post_thumbnail":0,"footnotes":""},"categories":[1,25],"tags":[],"class_list":["post-6145","post","type-post","status-publish","format-standard","hentry","category-allgemein","category-nationalmannschaft-fussball-maenner"],"_links":{"self":[{"href":"https:\/\/www.dgs-fussball.de\/index.php?rest_route=\/wp\/v2\/posts\/6145","targetHints":{"allow":["GET"]}}],"collection":[{"href":"https:\/\/www.dgs-fussball.de\/index.php?rest_route=\/wp\/v2\/posts"}],"about":[{"href":"https:\/\/www.dgs-fussball.de\/index.php?rest_route=\/wp\/v2\/types\/post"}],"author":[{"embeddable":true,"href":"https:\/\/www.dgs-fussball.de\/index.php?rest_route=\/wp\/v2\/users\/1"}],"replies":[{"embeddable":true,"href":"https:\/\/www.dgs-fussball.de\/index.php?rest_route=%2Fwp%2Fv2%2Fcomments&post=6145"}],"version-history":[{"count":6,"href":"https:\/\/www.dgs-fussball.de\/index.php?rest_route=\/wp\/v2\/posts\/6145\/revisions"}],"predecessor-version":[{"id":6154,"href":"https:\/\/www.dgs-fussball.de\/index.php?rest_route=\/wp\/v2\/posts\/6145\/revisions\/6154"}],"wp:attachment":[{"href":"https:\/\/www.dgs-fussball.de\/index.php?rest_route=%2Fwp%2Fv2%2Fmedia&parent=6145"}],"wp:term":[{"taxonomy":"category","embeddable":true,"href":"https:\/\/www.dgs-fussball.de\/index.php?rest_route=%2Fwp%2Fv2%2Fcategories&post=6145"},{"taxonomy":"post_tag","embeddable":true,"href":"https:\/\/www.dgs-fussball.de\/index.php?rest_route=%2Fwp%2Fv2%2Ftags&post=6145"}],"curies":[{"name":"wp","href":"https:\/\/api.w.org\/{rel}","templated":true}]}}