{"id":6207,"date":"2020-08-19T09:01:34","date_gmt":"2020-08-19T08:01:34","guid":{"rendered":"http:\/\/www.dgs-fussball.de\/?p=6207"},"modified":"2020-08-21T07:11:55","modified_gmt":"2020-08-21T06:11:55","slug":"stellenausschreibung-suedwestbeauftragter","status":"publish","type":"post","link":"https:\/\/www.dgs-fussball.de\/?p=6207","title":{"rendered":"Stellenausschreibung &#8211; S\u00fcdwestbeauftragter"},"content":{"rendered":"\n<p class=\"has-text-align-center\">Hallo liebe Fu\u00dfballfreunde,<\/p>\n\n\n\n<p class=\"has-text-align-center\">zudem m\u00f6chte ich euch mitteilen, dass ich noch bis zum&nbsp;<strong>31.August 2020<\/strong>&nbsp;als S\u00fcdwestbeauftragter arbeiten werde und danach mein Amt niederlege. Ich werde die Dateien und E-Mails dem neuen S\u00fcdwestbeauftragten weiterleiten. Wer Lust und Interesse hat die Arbeit als S\u00fcdwestbeauftragter zu \u00fcbernehmen, meldet sich bitte bei mir und bei dem Verbandsfu\u00dfballwart Rainer B\u00fcrger und dem technischen Leiter Benjamin Heymel.<\/p>\n\n\n\n<p class=\"has-text-align-center\"> Ihr k\u00f6nnt diese Information gerne auch an eure Vereinsmitglieder weiterleiten.<\/p>\n\n\n\n<p class=\"has-text-align-center\"><strong><u class=\"\">Stellenausschreibung \u2013 S\u00fcdwestbeauftragter &#8211; Aufgaben S\u00fcdwestbeauftragter:<\/u><\/strong><\/p>\n\n\n\n<p class=\"has-text-align-center\">\u00b7&nbsp;SW-Tagung organisieren und leiten<\/p>\n\n\n\n<p class=\"has-text-align-center\">\u00b7&nbsp;SW-Meisterschaft f\u00fcr Gro\u00dffeld: Ergebnis erstellen<\/p>\n\n\n\n<p class=\"has-text-align-center\">\u00b7&nbsp;SW-Futsalmeisterschaft (Vorrunde &amp; Endrunde): Ausschreibung, Durchf\u00fchrungsbestimmung, Anmeldung erstellen<\/p>\n\n\n\n<p class=\"has-text-align-center\">\u00b7&nbsp;SW-Kleinfeldmeisterschaft:&nbsp;Ausschreibung, Durchf\u00fchrungsbestimmung, Anmeldung erstellen<\/p>\n\n\n\n<p class=\"has-text-align-center\">\u00b7&nbsp;Teilnahme zu DGS-Fu\u00dfball-Spartenstagung (alle 2 Jahre)<\/p>\n\n\n\n<p class=\"has-text-align-center\"><strong><u class=\"\">Leistung:<\/u><\/strong><\/p>\n\n\n\n<p class=\"has-text-align-center\">\u00b7&nbsp;Aufwandsentsch\u00e4digung<\/p>\n\n\n\n<p class=\"has-text-align-center\">\u00b7&nbsp;Fahrtkosten&nbsp;<\/p>\n\n\n\n<p class=\"has-text-align-center\">\u00b7&nbsp;DGS kann Unterkunft \u00fcbernehmen<\/p>\n\n\n\n<p class=\"has-text-align-center\">\u00b7&nbsp;starke Unterst\u00fctzung von Spartenleitung<\/p>\n\n\n\n<p class=\"has-text-align-center\">\u00b7&nbsp;Unterst\u00fctzung vom Landes-Geh\u00f6rlosensportverband&nbsp;<\/p>\n\n\n\n<p class=\"has-text-align-center\">\u00b7&nbsp;Spartenleitung \u00fcbernimmt Kosten des B\u00fcromaterials<\/p>\n\n\n\n<p class=\"has-text-align-center\">Es gibt auch die M\u00f6glichkeit, eines 1. SW-Beauftragten und eines 2. SW-Beauftragten (z.B. Futsal und Kleinfeld).<\/p>\n\n\n\n<p class=\"has-text-align-center\">Ich stehe f\u00fcr Fragen gern zur Verf\u00fcgung.<\/p>\n\n\n\n<p class=\"has-text-align-center\">Mit sportlichen Gr\u00fc\u00dfen<br>Philipp Seidel<br>S\u00fcdWest-Beauftragter<br>Deutscher Geh\u00f6rlosen Sportverband &#8211; Sparte&nbsp;Fussball<\/p>\n","protected":false},"excerpt":{"rendered":"<p>Hallo liebe Fu\u00dfballfreunde, zudem m\u00f6chte ich euch mitteilen, dass ich noch bis zum&nbsp;31.August 2020&nbsp;als S\u00fcdwestbeauftragter arbeiten werde und danach mein Amt niederlege. Ich werde die Dateien und E-Mails dem neuen S\u00fcdwestbeauftragten weiterleiten. Wer Lust und Interesse hat die Arbeit als S\u00fcdwestbeauftragter zu \u00fcbernehmen, meldet sich bitte bei mir und bei dem Verbandsfu\u00dfballwart Rainer B\u00fcrger und dem technischen Leiter Benjamin Heymel.<\/p>\n","protected":false},"author":1,"featured_media":0,"comment_status":"closed","ping_status":"closed","sticky":false,"template":"","format":"standard","meta":{"ngg_post_thumbnail":0,"footnotes":""},"categories":[1,32],"tags":[],"class_list":["post-6207","post","type-post","status-publish","format-standard","hentry","category-allgemein","category-regional-suedwest"],"_links":{"self":[{"href":"https:\/\/www.dgs-fussball.de\/index.php?rest_route=\/wp\/v2\/posts\/6207","targetHints":{"allow":["GET"]}}],"collection":[{"href":"https:\/\/www.dgs-fussball.de\/index.php?rest_route=\/wp\/v2\/posts"}],"about":[{"href":"https:\/\/www.dgs-fussball.de\/index.php?rest_route=\/wp\/v2\/types\/post"}],"author":[{"embeddable":true,"href":"https:\/\/www.dgs-fussball.de\/index.php?rest_route=\/wp\/v2\/users\/1"}],"replies":[{"embeddable":true,"href":"https:\/\/www.dgs-fussball.de\/index.php?rest_route=%2Fwp%2Fv2%2Fcomments&post=6207"}],"version-history":[{"count":2,"href":"https:\/\/www.dgs-fussball.de\/index.php?rest_route=\/wp\/v2\/posts\/6207\/revisions"}],"predecessor-version":[{"id":6229,"href":"https:\/\/www.dgs-fussball.de\/index.php?rest_route=\/wp\/v2\/posts\/6207\/revisions\/6229"}],"wp:attachment":[{"href":"https:\/\/www.dgs-fussball.de\/index.php?rest_route=%2Fwp%2Fv2%2Fmedia&parent=6207"}],"wp:term":[{"taxonomy":"category","embeddable":true,"href":"https:\/\/www.dgs-fussball.de\/index.php?rest_route=%2Fwp%2Fv2%2Fcategories&post=6207"},{"taxonomy":"post_tag","embeddable":true,"href":"https:\/\/www.dgs-fussball.de\/index.php?rest_route=%2Fwp%2Fv2%2Ftags&post=6207"}],"curies":[{"name":"wp","href":"https:\/\/api.w.org\/{rel}","templated":true}]}}