{"id":6287,"date":"2020-09-17T13:52:20","date_gmt":"2020-09-17T12:52:20","guid":{"rendered":"http:\/\/www.dgs-fussball.de\/?p=6287"},"modified":"2020-09-17T13:52:20","modified_gmt":"2020-09-17T12:52:20","slug":"absage-deutsche-gehoerlosen-kleinfeld-meisterschaft-2020-am-03-10-2020-in-frankenthal","status":"publish","type":"post","link":"https:\/\/www.dgs-fussball.de\/?p=6287","title":{"rendered":"ABSAGE &#8211; Deutsche Geh\u00f6rlosen &#8211; Kleinfeld &#8211; Meisterschaft 2020 am 03.10.2020 in Frankenthal"},"content":{"rendered":"\n<div class=\"wp-block-image\"><figure class=\"aligncenter size-large\"><img loading=\"lazy\" decoding=\"async\" width=\"640\" height=\"446\" src=\"https:\/\/www.dgs-fussball.de\/wordpress\/wp-content\/uploads\/2020\/09\/IMG-2441.jpg\" alt=\"\" class=\"wp-image-6288\" srcset=\"https:\/\/www.dgs-fussball.de\/wordpress\/wp-content\/uploads\/2020\/09\/IMG-2441.jpg 640w, https:\/\/www.dgs-fussball.de\/wordpress\/wp-content\/uploads\/2020\/09\/IMG-2441-300x209.jpg 300w\" sizes=\"auto, (max-width: 640px) 100vw, 640px\" \/><\/figure><\/div>\n\n\n\n<p>Liebe teilnehmende Fussballvereine,\u00a0<br><br>leider m\u00fcssen wir euch mitteilen, dass die Deutsche Geh\u00f6rlosen &#8211; Kleinfeld &#8211; Meisterschaft am 03.10.2020 in Frankenthal\u00a0<strong><u>abgesagt<\/u><\/strong>\u00a0wird.<\/p>\n\n\n\n<p>Der Ausrichter GSC Frankenthal hat heute Vormittag in Absprache mit der Stadt Frankenthal entschieden und uns informiert, dass die Veranstaltung nicht durchgef\u00fchrt wird aufgrund der aktuellen Corona-Situation, die in den letzten Wochen leider nicht besser geworden ist. Wir bitten euch alle um Verst\u00e4ndnis. Die Startgeb\u00fchren werden selbstverst\u00e4ndlich an euch alle zur\u00fcck \u00fcberwiesen.<\/p>\n\n\n\n<p>F\u00fcr die kurzfristige Absage m\u00f6chten wir bei euch allen entschuldigen.\u00a0<\/p>\n\n\n\n<p>Mit sportlichen Gr\u00fc\u00dfen<\/p>\n\n\n\n<p>DGS Sparte Fussball &nbsp;<br>Matthias Tamm (Technischer Leiter Jugend)<br>Dawid Adrian (Technischer Leiter Senioren)<br>Benjamin Heymel (Technischer Leiter Herren und Frauen)&nbsp;<\/p>\n","protected":false},"excerpt":{"rendered":"<p>Liebe teilnehmende Fussballvereine,\u00a0 leider m\u00fcssen wir euch mitteilen, dass die Deutsche Geh\u00f6rlosen &#8211; Kleinfeld &#8211; Meisterschaft am 03.10.2020 in Frankenthal\u00a0abgesagt\u00a0wird. Der Ausrichter GSC Frankenthal hat heute Vormittag in Absprache mit der Stadt Frankenthal entschieden und uns informiert, dass die Veranstaltung nicht durchgef\u00fchrt wird aufgrund der aktuellen Corona-Situation, die in den letzten Wochen leider nicht besser geworden ist. Wir bitten euch<\/p>\n","protected":false},"author":3,"featured_media":0,"comment_status":"closed","ping_status":"closed","sticky":false,"template":"","format":"standard","meta":{"ngg_post_thumbnail":0,"footnotes":""},"categories":[1,20,16,70,12],"tags":[],"class_list":["post-6287","post","type-post","status-publish","format-standard","hentry","category-allgemein","category-dm-frauen-kleinfeld","category-dm-jugend-kleinfeld","category-dm-maenner-kleinfeld","category-dm-senioren-kleinfeld"],"_links":{"self":[{"href":"https:\/\/www.dgs-fussball.de\/index.php?rest_route=\/wp\/v2\/posts\/6287","targetHints":{"allow":["GET"]}}],"collection":[{"href":"https:\/\/www.dgs-fussball.de\/index.php?rest_route=\/wp\/v2\/posts"}],"about":[{"href":"https:\/\/www.dgs-fussball.de\/index.php?rest_route=\/wp\/v2\/types\/post"}],"author":[{"embeddable":true,"href":"https:\/\/www.dgs-fussball.de\/index.php?rest_route=\/wp\/v2\/users\/3"}],"replies":[{"embeddable":true,"href":"https:\/\/www.dgs-fussball.de\/index.php?rest_route=%2Fwp%2Fv2%2Fcomments&post=6287"}],"version-history":[{"count":1,"href":"https:\/\/www.dgs-fussball.de\/index.php?rest_route=\/wp\/v2\/posts\/6287\/revisions"}],"predecessor-version":[{"id":6289,"href":"https:\/\/www.dgs-fussball.de\/index.php?rest_route=\/wp\/v2\/posts\/6287\/revisions\/6289"}],"wp:attachment":[{"href":"https:\/\/www.dgs-fussball.de\/index.php?rest_route=%2Fwp%2Fv2%2Fmedia&parent=6287"}],"wp:term":[{"taxonomy":"category","embeddable":true,"href":"https:\/\/www.dgs-fussball.de\/index.php?rest_route=%2Fwp%2Fv2%2Fcategories&post=6287"},{"taxonomy":"post_tag","embeddable":true,"href":"https:\/\/www.dgs-fussball.de\/index.php?rest_route=%2Fwp%2Fv2%2Ftags&post=6287"}],"curies":[{"name":"wp","href":"https:\/\/api.w.org\/{rel}","templated":true}]}}