{"id":6493,"date":"2021-06-21T18:49:38","date_gmt":"2021-06-21T17:49:38","guid":{"rendered":"http:\/\/www.dgs-fussball.de\/?p=6493"},"modified":"2021-06-21T18:49:38","modified_gmt":"2021-06-21T17:49:38","slug":"bericht-u21-lehrgang-vom-04-06-bis-05-06-in-speyer","status":"publish","type":"post","link":"https:\/\/www.dgs-fussball.de\/?p=6493","title":{"rendered":"Bericht U21 Lehrgang vom 04.06 bis 05.06 in Speyer"},"content":{"rendered":"\n<p><br>Die 30 k\u00f6pfige U21 Nationalmannschaft absolvierte vom 04.06 bis 05.06 ihren ersten Lehrgang im Jahr 2021.<\/p>\n\n\n\n<p>Der Lehrgang fand mit entsprechenden Corona-Auflagen in Speyer statt, wo unser U21 Bundestrainer Shahin-Reza-Philipp die M\u00e4dchen-Bundesligamannschaft sowie die U15 Regionalliga-Mannschaft des FC Speyer 09 trainiert.<\/p>\n\n\n\n<p>Nach einem Corona-Test wurde die Mannschaft um Bundestrainer Shahin Philipp am vergangenen Freitag vom FC Speyer Finanzvorstand Thomas Cantzler und von der Oberb\u00fcrgermeisterin Monika Kabs begr\u00fc\u00dft.<\/p>\n\n\n\n<p>10 Spieler durften sich \u00fcber eine erstmalige Berufung in die Nationalmannschaft freuen. Nach der langen Corona-Pause geht die Vorbereitung f\u00fcr die EM 2022 in der T\u00fcrkei jetzt richtig los. Da nicht mehr viel Zeit bleibt hat das U21 Trainerteam den Lehrgang mit einigen taktischen Schwerpunkten gestaltet.<\/p>\n\n\n\n<p>Insgesamt wurden 4 sehr intensive Trainingseinheiten durchgef\u00fchrt, in welchen die jungen Nachwuchskicker ihr K\u00f6nnen nach der langen Pause wieder unter Beweis stellen durften.<\/p>\n\n\n\n<p>Zudem gab es zum Abschluss des Lehrgangs noch ein Testspiel vor ca. 55 Zuschauern.<\/p>\n\n\n\n<p>Gespielt wurde in 3 Halbzeiten (30\/30\/30)&nbsp;<br>U21-A gegen U21-B<\/p>\n\n\n\n<p>Es war ein, trotz der langen Pause, \u00fcberraschend intensives Spiel mit viel Tempo. Die Jungs waren hei\u00df und jeder wollte unbedingt gewinnen, was zu einem sehenswerten Spiel f\u00fchrte.<\/p>\n\n\n\n<p>In der ersten Halbzeit zwang der HGSV Spieler Noah Bolz einen generischen Abwehrspieler zu einem Fehler, rannte 25 m aufs Tor zu und netzte ins linke Eck zum 1:0 ein.&nbsp;<br>Bis kurz vor Schluss blieb es beim 1:0, allerdings gab es einige Chancen, unter anderem ein Pfostentreffer von Suat N. der das 1:1 auf dem Fu\u00df hatte und einem gehaltenem Elfmeter von Marcel Salzmann gegen Robby Fischer.&nbsp;<br>Kurz vor Schluss jedoch kam Robby Fischer nochmal zu einem Abschluss. Der von Marcel Salzman stark parierte Ball prallte vor die F\u00fc\u00dfe von Noah Bolz, der die Kugel nur noch ins leere Tor zum 2:0 Endstand einschieben musste.<\/p>\n\n\n\n<p>Worte von unsere Techn. Jugendleiter Mathias Tamm:&nbsp;<br>&#8222;Ich bin sehr zufrieden \u00fcber den guten Verlauf der 2 Tage. Die talentierten Spieler haben sich sehr gut pr\u00e4sentiert.&nbsp;<br>Leider habe ich die Oberb\u00fcrgermeisterin verpasst.<br>Ich m\u00f6chte mich noch beim Verein FC Speyer 09 bedanken, f\u00fcr die Bereitstellung des Sportplatzes.&nbsp;<br>Au\u00dferdem noch vielen Dank an den ABS, welcher an beiden Tagen vor dem Trainingsbeginn jeden Teilnehmer auf das Corona Virus getestet hat. Alle Test im Lehrgang waren negativ \ud83d\ude42&nbsp;<br>Danke auch an den DGSV Sparte Fu\u00dfball f\u00fcr die kleine finanzielle Unterst\u00fctzung, die Gesch\u00e4ftsstelle DGSV f\u00fcr die genehmigung des Lehrganges und Frau K\u00f6ster f\u00fcr die Spielerverwaltung.&#8220;<\/p>\n\n\n\n<p>Worte von unsere U21 Bundestrainer Shahin-Reza Philipp:&nbsp;<br>&#8222;Ich war insgesamt sehr zufrieden und war etwas \u00fcberrascht, dass alle trotz der langen Pandemie Pause auf hohem Niveau sind.<br>Allerdings haben wir w\u00e4hrend der Corona Pause viele intensive Workouts sowie Laufeinheiten zuhause absolviert.<br>Ich war sehr gl\u00fccklich das wir den Lehrgang durchf\u00fchren konnten und ich sehen konnte woran, wir noch arbeiten m\u00fcssen und auf welche Schwerpunkte wir uns beim n\u00e4chsten Lehrgang in Leipzig, wo \u00fcbrigens nur 22 Mann dabei sein werden, fokussieren m\u00fcssen.&#8220;<\/p>\n\n\n\n<p>Beste Gr\u00fc\u00dfe aus Karlsruhe<\/p>\n\n\n\n<p>DGSV Sparte Fu\u00dfball<\/p>\n\n\n\n<p>U21 Bundestrainer Deutschland<\/p>\n\n\n\n<p>Shahin-Reza Philipp<\/p>\n\n\n\n<figure class=\"wp-block-gallery columns-3 is-cropped wp-block-gallery-1 is-layout-flex wp-block-gallery-is-layout-flex\"><ul class=\"blocks-gallery-grid\"><li class=\"blocks-gallery-item\"><figure><a href=\"https:\/\/www.dgs-fussball.de\/wordpress\/wp-content\/uploads\/2021\/06\/TAM5805-1-1024x684.jpg\"><img loading=\"lazy\" decoding=\"async\" width=\"1024\" height=\"684\" src=\"https:\/\/www.dgs-fussball.de\/wordpress\/wp-content\/uploads\/2021\/06\/TAM5805-1-1024x684.jpg\" alt=\"\" data-id=\"6495\" data-link=\"https:\/\/www.dgs-fussball.de\/?attachment_id=6495\" class=\"wp-image-6495\" srcset=\"https:\/\/www.dgs-fussball.de\/wordpress\/wp-content\/uploads\/2021\/06\/TAM5805-1-1024x684.jpg 1024w, https:\/\/www.dgs-fussball.de\/wordpress\/wp-content\/uploads\/2021\/06\/TAM5805-1-300x200.jpg 300w, https:\/\/www.dgs-fussball.de\/wordpress\/wp-content\/uploads\/2021\/06\/TAM5805-1-768x513.jpg 768w, https:\/\/www.dgs-fussball.de\/wordpress\/wp-content\/uploads\/2021\/06\/TAM5805-1-1536x1027.jpg 1536w, https:\/\/www.dgs-fussball.de\/wordpress\/wp-content\/uploads\/2021\/06\/TAM5805-1.jpg 1616w\" sizes=\"auto, (max-width: 1024px) 100vw, 1024px\" \/><\/a><\/figure><\/li><li class=\"blocks-gallery-item\"><figure><a href=\"https:\/\/www.dgs-fussball.de\/wordpress\/wp-content\/uploads\/2021\/06\/TAM5806-1024x684.jpg\"><img loading=\"lazy\" decoding=\"async\" width=\"1024\" height=\"684\" src=\"https:\/\/www.dgs-fussball.de\/wordpress\/wp-content\/uploads\/2021\/06\/TAM5806-1024x684.jpg\" alt=\"\" data-id=\"6496\" data-link=\"https:\/\/www.dgs-fussball.de\/?attachment_id=6496\" class=\"wp-image-6496\" srcset=\"https:\/\/www.dgs-fussball.de\/wordpress\/wp-content\/uploads\/2021\/06\/TAM5806-1024x684.jpg 1024w, https:\/\/www.dgs-fussball.de\/wordpress\/wp-content\/uploads\/2021\/06\/TAM5806-300x200.jpg 300w, https:\/\/www.dgs-fussball.de\/wordpress\/wp-content\/uploads\/2021\/06\/TAM5806-768x513.jpg 768w, https:\/\/www.dgs-fussball.de\/wordpress\/wp-content\/uploads\/2021\/06\/TAM5806-1536x1027.jpg 1536w, https:\/\/www.dgs-fussball.de\/wordpress\/wp-content\/uploads\/2021\/06\/TAM5806.jpg 1616w\" sizes=\"auto, (max-width: 1024px) 100vw, 1024px\" \/><\/a><\/figure><\/li><li class=\"blocks-gallery-item\"><figure><a href=\"https:\/\/www.dgs-fussball.de\/wordpress\/wp-content\/uploads\/2021\/06\/TAM5807-1024x684.jpg\"><img loading=\"lazy\" decoding=\"async\" width=\"1024\" height=\"684\" src=\"https:\/\/www.dgs-fussball.de\/wordpress\/wp-content\/uploads\/2021\/06\/TAM5807-1024x684.jpg\" alt=\"\" data-id=\"6497\" data-link=\"https:\/\/www.dgs-fussball.de\/?attachment_id=6497\" class=\"wp-image-6497\" srcset=\"https:\/\/www.dgs-fussball.de\/wordpress\/wp-content\/uploads\/2021\/06\/TAM5807-1024x684.jpg 1024w, https:\/\/www.dgs-fussball.de\/wordpress\/wp-content\/uploads\/2021\/06\/TAM5807-300x200.jpg 300w, https:\/\/www.dgs-fussball.de\/wordpress\/wp-content\/uploads\/2021\/06\/TAM5807-768x513.jpg 768w, https:\/\/www.dgs-fussball.de\/wordpress\/wp-content\/uploads\/2021\/06\/TAM5807-1536x1027.jpg 1536w, https:\/\/www.dgs-fussball.de\/wordpress\/wp-content\/uploads\/2021\/06\/TAM5807.jpg 1616w\" sizes=\"auto, (max-width: 1024px) 100vw, 1024px\" \/><\/a><\/figure><\/li><li class=\"blocks-gallery-item\"><figure><a href=\"https:\/\/www.dgs-fussball.de\/wordpress\/wp-content\/uploads\/2021\/06\/TAM5808-1024x684.jpg\"><img loading=\"lazy\" decoding=\"async\" width=\"1024\" height=\"684\" src=\"https:\/\/www.dgs-fussball.de\/wordpress\/wp-content\/uploads\/2021\/06\/TAM5808-1024x684.jpg\" alt=\"\" data-id=\"6498\" data-link=\"https:\/\/www.dgs-fussball.de\/?attachment_id=6498\" class=\"wp-image-6498\" srcset=\"https:\/\/www.dgs-fussball.de\/wordpress\/wp-content\/uploads\/2021\/06\/TAM5808-1024x684.jpg 1024w, https:\/\/www.dgs-fussball.de\/wordpress\/wp-content\/uploads\/2021\/06\/TAM5808-300x200.jpg 300w, https:\/\/www.dgs-fussball.de\/wordpress\/wp-content\/uploads\/2021\/06\/TAM5808-768x513.jpg 768w, https:\/\/www.dgs-fussball.de\/wordpress\/wp-content\/uploads\/2021\/06\/TAM5808-1536x1027.jpg 1536w, https:\/\/www.dgs-fussball.de\/wordpress\/wp-content\/uploads\/2021\/06\/TAM5808.jpg 1616w\" sizes=\"auto, (max-width: 1024px) 100vw, 1024px\" \/><\/a><\/figure><\/li><li class=\"blocks-gallery-item\"><figure><a href=\"https:\/\/www.dgs-fussball.de\/wordpress\/wp-content\/uploads\/2021\/06\/TAM5886-1024x684.jpg\"><img loading=\"lazy\" decoding=\"async\" width=\"1024\" height=\"684\" src=\"https:\/\/www.dgs-fussball.de\/wordpress\/wp-content\/uploads\/2021\/06\/TAM5886-1024x684.jpg\" alt=\"\" data-id=\"6502\" data-link=\"https:\/\/www.dgs-fussball.de\/?attachment_id=6502\" class=\"wp-image-6502\" srcset=\"https:\/\/www.dgs-fussball.de\/wordpress\/wp-content\/uploads\/2021\/06\/TAM5886-1024x684.jpg 1024w, https:\/\/www.dgs-fussball.de\/wordpress\/wp-content\/uploads\/2021\/06\/TAM5886-300x200.jpg 300w, https:\/\/www.dgs-fussball.de\/wordpress\/wp-content\/uploads\/2021\/06\/TAM5886-768x513.jpg 768w, https:\/\/www.dgs-fussball.de\/wordpress\/wp-content\/uploads\/2021\/06\/TAM5886-1536x1027.jpg 1536w, https:\/\/www.dgs-fussball.de\/wordpress\/wp-content\/uploads\/2021\/06\/TAM5886.jpg 1616w\" sizes=\"auto, (max-width: 1024px) 100vw, 1024px\" \/><\/a><\/figure><\/li><li class=\"blocks-gallery-item\"><figure><a href=\"https:\/\/www.dgs-fussball.de\/wordpress\/wp-content\/uploads\/2021\/06\/TAM5887-1024x684.jpg\"><img loading=\"lazy\" decoding=\"async\" width=\"1024\" height=\"684\" src=\"https:\/\/www.dgs-fussball.de\/wordpress\/wp-content\/uploads\/2021\/06\/TAM5887-1024x684.jpg\" alt=\"\" data-id=\"6503\" data-link=\"https:\/\/www.dgs-fussball.de\/?attachment_id=6503\" class=\"wp-image-6503\" srcset=\"https:\/\/www.dgs-fussball.de\/wordpress\/wp-content\/uploads\/2021\/06\/TAM5887-1024x684.jpg 1024w, https:\/\/www.dgs-fussball.de\/wordpress\/wp-content\/uploads\/2021\/06\/TAM5887-300x200.jpg 300w, https:\/\/www.dgs-fussball.de\/wordpress\/wp-content\/uploads\/2021\/06\/TAM5887-768x513.jpg 768w, https:\/\/www.dgs-fussball.de\/wordpress\/wp-content\/uploads\/2021\/06\/TAM5887-1536x1027.jpg 1536w, https:\/\/www.dgs-fussball.de\/wordpress\/wp-content\/uploads\/2021\/06\/TAM5887.jpg 1616w\" sizes=\"auto, (max-width: 1024px) 100vw, 1024px\" \/><\/a><\/figure><\/li><li class=\"blocks-gallery-item\"><figure><a href=\"https:\/\/www.dgs-fussball.de\/wordpress\/wp-content\/uploads\/2021\/06\/image.jpeg\"><img loading=\"lazy\" decoding=\"async\" width=\"1024\" height=\"684\" src=\"https:\/\/www.dgs-fussball.de\/wordpress\/wp-content\/uploads\/2021\/06\/image.jpeg\" alt=\"\" data-id=\"6504\" data-full-url=\"https:\/\/www.dgs-fussball.de\/wordpress\/wp-content\/uploads\/2021\/06\/image.jpeg\" data-link=\"https:\/\/www.dgs-fussball.de\/?attachment_id=6504\" class=\"wp-image-6504\" srcset=\"https:\/\/www.dgs-fussball.de\/wordpress\/wp-content\/uploads\/2021\/06\/image.jpeg 1024w, https:\/\/www.dgs-fussball.de\/wordpress\/wp-content\/uploads\/2021\/06\/image-300x200.jpeg 300w, https:\/\/www.dgs-fussball.de\/wordpress\/wp-content\/uploads\/2021\/06\/image-768x513.jpeg 768w\" sizes=\"auto, (max-width: 1024px) 100vw, 1024px\" \/><\/a><\/figure><\/li><\/ul><\/figure>\n","protected":false},"excerpt":{"rendered":"<p>Die 30 k\u00f6pfige U21 Nationalmannschaft absolvierte vom 04.06 bis 05.06 ihren ersten Lehrgang im Jahr 2021. Der Lehrgang fand mit entsprechenden Corona-Auflagen in Speyer statt, wo unser U21 Bundestrainer Shahin-Reza-Philipp die M\u00e4dchen-Bundesligamannschaft sowie die U15 Regionalliga-Mannschaft des FC Speyer 09 trainiert. Nach einem Corona-Test wurde die Mannschaft um Bundestrainer Shahin Philipp am vergangenen Freitag vom FC Speyer Finanzvorstand Thomas Cantzler<\/p>\n","protected":false},"author":1,"featured_media":0,"comment_status":"closed","ping_status":"closed","sticky":false,"template":"","format":"standard","meta":{"ngg_post_thumbnail":0,"footnotes":""},"categories":[1],"tags":[],"class_list":["post-6493","post","type-post","status-publish","format-standard","hentry","category-allgemein"],"_links":{"self":[{"href":"https:\/\/www.dgs-fussball.de\/index.php?rest_route=\/wp\/v2\/posts\/6493","targetHints":{"allow":["GET"]}}],"collection":[{"href":"https:\/\/www.dgs-fussball.de\/index.php?rest_route=\/wp\/v2\/posts"}],"about":[{"href":"https:\/\/www.dgs-fussball.de\/index.php?rest_route=\/wp\/v2\/types\/post"}],"author":[{"embeddable":true,"href":"https:\/\/www.dgs-fussball.de\/index.php?rest_route=\/wp\/v2\/users\/1"}],"replies":[{"embeddable":true,"href":"https:\/\/www.dgs-fussball.de\/index.php?rest_route=%2Fwp%2Fv2%2Fcomments&post=6493"}],"version-history":[{"count":1,"href":"https:\/\/www.dgs-fussball.de\/index.php?rest_route=\/wp\/v2\/posts\/6493\/revisions"}],"predecessor-version":[{"id":6505,"href":"https:\/\/www.dgs-fussball.de\/index.php?rest_route=\/wp\/v2\/posts\/6493\/revisions\/6505"}],"wp:attachment":[{"href":"https:\/\/www.dgs-fussball.de\/index.php?rest_route=%2Fwp%2Fv2%2Fmedia&parent=6493"}],"wp:term":[{"taxonomy":"category","embeddable":true,"href":"https:\/\/www.dgs-fussball.de\/index.php?rest_route=%2Fwp%2Fv2%2Fcategories&post=6493"},{"taxonomy":"post_tag","embeddable":true,"href":"https:\/\/www.dgs-fussball.de\/index.php?rest_route=%2Fwp%2Fv2%2Ftags&post=6493"}],"curies":[{"name":"wp","href":"https:\/\/api.w.org\/{rel}","templated":true}]}}