{"id":6627,"date":"2021-09-15T07:29:24","date_gmt":"2021-09-15T06:29:24","guid":{"rendered":"http:\/\/www.dgs-fussball.de\/?p=6627"},"modified":"2021-09-15T14:11:45","modified_gmt":"2021-09-15T13:11:45","slug":"deutschland-niederlande-30-10-qualifikation-fuer-die-deaflympics-2022","status":"publish","type":"post","link":"https:\/\/www.dgs-fussball.de\/?p=6627","title":{"rendered":"Deutschland &#8211; Niederlande 3:0 (1:0) Qualifikation f\u00fcr die Deaflympics 2022"},"content":{"rendered":"\n<p><strong>Hart erk\u00e4mpftes 3:0 Sieg<\/strong><\/p>\n\n\n\n<p>Highlights Video (1:20 min)<\/p>\n\n\n\n<figure class=\"wp-block-embed is-type-video is-provider-youtube wp-block-embed-youtube wp-embed-aspect-16-9 wp-has-aspect-ratio\"><div class=\"wp-block-embed__wrapper\">\n<iframe loading=\"lazy\" title=\"Deutschland - Niederlande 3:0 (1:0) am 04.09.2021 in Essen - Qualifikation f\u00fcr die Deaflympics 2022\" width=\"860\" height=\"484\" src=\"https:\/\/www.youtube.com\/embed\/qiYdlBvDXTc?feature=oembed\" frameborder=\"0\" allow=\"accelerometer; autoplay; clipboard-write; encrypted-media; gyroscope; picture-in-picture; web-share\" referrerpolicy=\"strict-origin-when-cross-origin\" allowfullscreen><\/iframe>\n<\/div><\/figure>\n\n\n\n<p>Am 04.09.2021 war die DGSV Elf nicht nur auf dem Papier \u00fcberlegen, sondern zeigte auf dem Rasen ein achtbares und durchweg \u00fcberlegenes Spiel gegen die Herausforderer aus den Niederlanden.<\/p>\n\n\n\n<figure class=\"wp-block-image size-large\"><a href=\"https:\/\/www.dgs-fussball.de\/wordpress\/wp-content\/uploads\/2021\/09\/pic_01.jpg\"><img loading=\"lazy\" decoding=\"async\" width=\"1024\" height=\"683\" src=\"https:\/\/www.dgs-fussball.de\/wordpress\/wp-content\/uploads\/2021\/09\/pic_01-1024x683.jpg\" alt=\"\" class=\"wp-image-6628\" srcset=\"https:\/\/www.dgs-fussball.de\/wordpress\/wp-content\/uploads\/2021\/09\/pic_01-1024x683.jpg 1024w, https:\/\/www.dgs-fussball.de\/wordpress\/wp-content\/uploads\/2021\/09\/pic_01-300x200.jpg 300w, https:\/\/www.dgs-fussball.de\/wordpress\/wp-content\/uploads\/2021\/09\/pic_01-768x512.jpg 768w, https:\/\/www.dgs-fussball.de\/wordpress\/wp-content\/uploads\/2021\/09\/pic_01.jpg 1200w\" sizes=\"auto, (max-width: 1024px) 100vw, 1024px\" \/><\/a><figcaption><em>Deutschland<\/em><\/figcaption><\/figure>\n\n\n\n<p>Endlich! Nach mehreren Anl\u00e4ufen und Verschiebungen auf Grund von Covid-19 und den damit verbundenen Auflagen war es soweit \u2013 eine internationale Begegnung vor heimischem Publikum mit einer teilweise neu aufgestellten, verj\u00fcngten und hochambitionierten Mannschaft!<\/p>\n\n\n\n<p>Trainiert wurde direkt im Vorfeld in Wedau, das Trainerteam machte sich ein Bild vom Leistungsstand des Kaders, die Mannschaft hatte Gelegenheit, zusammen zu finden und alle brannten vor Ungeduld, nach so langer Zeit wieder einen Gegner im Geh\u00f6rlosen Fu\u00dfball herauszufordern. Und es ging um viel dabei \u2013 die Teilnahme an den 24. Sommer Deaflympics in Brasilien, die f\u00fcr das kommende Jahr anstehen.<\/p>\n\n\n\n<figure class=\"wp-block-image size-large\"><a href=\"https:\/\/www.dgs-fussball.de\/wordpress\/wp-content\/uploads\/2021\/09\/pic_02.jpg\"><img loading=\"lazy\" decoding=\"async\" width=\"1024\" height=\"683\" src=\"https:\/\/www.dgs-fussball.de\/wordpress\/wp-content\/uploads\/2021\/09\/pic_02-1024x683.jpg\" alt=\"\" class=\"wp-image-6629\" srcset=\"https:\/\/www.dgs-fussball.de\/wordpress\/wp-content\/uploads\/2021\/09\/pic_02-1024x683.jpg 1024w, https:\/\/www.dgs-fussball.de\/wordpress\/wp-content\/uploads\/2021\/09\/pic_02-300x200.jpg 300w, https:\/\/www.dgs-fussball.de\/wordpress\/wp-content\/uploads\/2021\/09\/pic_02-768x512.jpg 768w, https:\/\/www.dgs-fussball.de\/wordpress\/wp-content\/uploads\/2021\/09\/pic_02.jpg 1200w\" sizes=\"auto, (max-width: 1024px) 100vw, 1024px\" \/><\/a><figcaption><em>Niederlande<\/em><\/figcaption><\/figure>\n\n\n\n<p>Mehr Bilder zum Spiel gibt es <a rel=\"noreferrer noopener\" href=\"https:\/\/www.dg-sv.de\/news\/2021\/20210910_fb-ger-ned\/pictures\/index.html#\" target=\"_blank\">hier<\/a>. <\/p>\n\n\n\n<p>Die deutsche Mannschaft \u00fcberzeugt von Anfang an mit einer geschlossenen Mannschaftsleitung, zun\u00e4chst noch etwas z\u00f6gerlich findet sie im Gegensatz zu den Niederl\u00e4ndern gut ins Match. Mit deutlich mehr Spielanteilen zwingen die Deutschen der gegnerischen Mannschaft, die mit nur wenig Chancen dagegen zu halten versucht, ihr Spiel auf.<br><br>In der 27. Minute bekommt Robin Plank den Ball auf den Fu\u00df und bringt ihn von der Strafraumgrenze unhaltbar f\u00fcr Keeper van der Staal ins lange Eck. Mit 1:0 geht es in die zweite Halbzeit. Wieder zeigt sich die Mannschaft feld\u00fcberlegen, erh\u00f6ht den Druck, das Spiel nimmt deutlich an Fahrt auf, die Mannschaft agiert sicher, die Gegner vor allem defensiv. Minute 56, Einwurf Deutschland in die niederl\u00e4ndische Abwehr, Nowark serviert dem Deb\u00fctanten Knappe den Ball direkt vor das Tor, der versenkt hellwach zum 2:0. In der 79. Minute wird Trappe eingewechselt, f\u00fcr ihn geht Berg vom Platz. Kaum eine Minute sp\u00e4ter verwandelt er eine Ecke gleich bei seinem ersten Ballkontakt zum 3:0. Er schie\u00dft als Essener im Essener Stadion ein wahres Traumtor aus 17 Metern leicht abgef\u00e4lscht in den Winkel, f\u00fcr ihn noch das Sahneh\u00e4ubchen in diesem Spiel.<\/p>\n\n\n\n<p>Am 18.09. reist die Mannschaft ins niederl\u00e4ndische Vlijmen, um dort im R\u00fcckspiel das endg\u00fcltige Ticket nach Brasilien zu l\u00f6sen. Mit dieser k\u00e4mpferischen, fu\u00dfballerisch sicheren Mannschaftsleistung wie sie die DGSV Elf am vergangenen Wochenende gezeigt hat, wird die Begegnung mit der niederl\u00e4ndischen Mannschaft zwar kein Kinderspiel, aber es sieht gut aus!<\/p>\n\n\n\n<p>Benjamin Christ, langj\u00e4hriger Knipser der Mannschaft wurde mit seinem ganz pers\u00f6nlichen Trikot, der Nummer 20, verabschiedet, diese Nummer wird wohl bei der DGSV Elf nicht mehr vergeben!<\/p>\n\n\n\n<p>Rundum war das L\u00e4nderspiel eine gelungene Veranstaltung. Die lokale Prominenz am Rande des Geschehens bekam in jedem Fall ein sch\u00f6nes Spiel der Deutschen zu sehen. Neben LGSV NRW Pr\u00e4sident Winfried Wiencek mit Gesch\u00e4ftsf\u00fchrerin Diana Aleksic und Ex Nationaltrainer Werner von der Ruhren waren von der Stadt Essen B\u00fcrgermeisterin Julia Jakob und ESPO Vorsitzender Jochen Sander gekommen. Aus dem Sport fanden sich Rita Albrecht-Zander von den Special Olympics sowie die Vertretung des 1. FC Schalke 04 mit Inklusionsbeauftragtem Sven Graner und Natascha Schwenzfeier aus der Abteilung &#8218;Schalke hilft&#8216; ein. Von den Ratsfraktionen war FDP-Gesch\u00e4ftsf\u00fchrer Peter-Michael Pfeffer im Stadion.<\/p>\n\n\n\n<p><strong>Aufgebot<\/strong><br>Luca Ballmann, Kevin Bayer, Tobias Berg, Fabian Trappe, Marc Eisenberg, Marlon Seeburger, Robert Hofmann, Alexander Peters, Nico Knappe, Florian Kralani, Steven Nowark, Robin Plank, David Plank, Jonathan Sedlmayer, David Seiberlich, Andr\u00e9 Zapf<\/p>\n\n\n\n<p>Das R\u00fcckspiel findet am 18.09.2021 in Niederlande statt.<\/p>\n\n\n\n<div class=\"wp-block-image\"><figure class=\"aligncenter size-large\"><a href=\"https:\/\/www.dgs-fussball.de\/wordpress\/wp-content\/uploads\/2021\/09\/Voetbal-7-scaled-1.jpg\"><img loading=\"lazy\" decoding=\"async\" width=\"724\" height=\"1024\" src=\"https:\/\/www.dgs-fussball.de\/wordpress\/wp-content\/uploads\/2021\/09\/Voetbal-7-scaled-1-724x1024.jpg\" alt=\"\" class=\"wp-image-6634\" srcset=\"https:\/\/www.dgs-fussball.de\/wordpress\/wp-content\/uploads\/2021\/09\/Voetbal-7-scaled-1-724x1024.jpg 724w, https:\/\/www.dgs-fussball.de\/wordpress\/wp-content\/uploads\/2021\/09\/Voetbal-7-scaled-1-212x300.jpg 212w, https:\/\/www.dgs-fussball.de\/wordpress\/wp-content\/uploads\/2021\/09\/Voetbal-7-scaled-1-768x1086.jpg 768w, https:\/\/www.dgs-fussball.de\/wordpress\/wp-content\/uploads\/2021\/09\/Voetbal-7-scaled-1-1086x1536.jpg 1086w, https:\/\/www.dgs-fussball.de\/wordpress\/wp-content\/uploads\/2021\/09\/Voetbal-7-scaled-1-1448x2048.jpg 1448w, https:\/\/www.dgs-fussball.de\/wordpress\/wp-content\/uploads\/2021\/09\/Voetbal-7-scaled-1.jpg 1810w\" sizes=\"auto, (max-width: 724px) 100vw, 724px\" \/><\/a><\/figure><\/div>\n\n\n\n<p class=\"has-text-align-right\">Copryright: www.dg-sv.de<\/p>\n\n\n\n<p><\/p>\n","protected":false},"excerpt":{"rendered":"<p>Hart erk\u00e4mpftes 3:0 Sieg Highlights Video (1:20 min) Am 04.09.2021 war die DGSV Elf nicht nur auf dem Papier \u00fcberlegen, sondern zeigte auf dem Rasen ein achtbares und durchweg \u00fcberlegenes Spiel gegen die Herausforderer aus den Niederlanden. Endlich! Nach mehreren Anl\u00e4ufen und Verschiebungen auf Grund von Covid-19 und den damit verbundenen Auflagen war es soweit \u2013 eine internationale Begegnung vor<\/p>\n","protected":false},"author":3,"featured_media":0,"comment_status":"closed","ping_status":"closed","sticky":false,"template":"","format":"standard","meta":{"ngg_post_thumbnail":0,"footnotes":""},"categories":[1,25],"tags":[],"class_list":["post-6627","post","type-post","status-publish","format-standard","hentry","category-allgemein","category-nationalmannschaft-fussball-maenner"],"_links":{"self":[{"href":"https:\/\/www.dgs-fussball.de\/index.php?rest_route=\/wp\/v2\/posts\/6627","targetHints":{"allow":["GET"]}}],"collection":[{"href":"https:\/\/www.dgs-fussball.de\/index.php?rest_route=\/wp\/v2\/posts"}],"about":[{"href":"https:\/\/www.dgs-fussball.de\/index.php?rest_route=\/wp\/v2\/types\/post"}],"author":[{"embeddable":true,"href":"https:\/\/www.dgs-fussball.de\/index.php?rest_route=\/wp\/v2\/users\/3"}],"replies":[{"embeddable":true,"href":"https:\/\/www.dgs-fussball.de\/index.php?rest_route=%2Fwp%2Fv2%2Fcomments&post=6627"}],"version-history":[{"count":5,"href":"https:\/\/www.dgs-fussball.de\/index.php?rest_route=\/wp\/v2\/posts\/6627\/revisions"}],"predecessor-version":[{"id":6651,"href":"https:\/\/www.dgs-fussball.de\/index.php?rest_route=\/wp\/v2\/posts\/6627\/revisions\/6651"}],"wp:attachment":[{"href":"https:\/\/www.dgs-fussball.de\/index.php?rest_route=%2Fwp%2Fv2%2Fmedia&parent=6627"}],"wp:term":[{"taxonomy":"category","embeddable":true,"href":"https:\/\/www.dgs-fussball.de\/index.php?rest_route=%2Fwp%2Fv2%2Fcategories&post=6627"},{"taxonomy":"post_tag","embeddable":true,"href":"https:\/\/www.dgs-fussball.de\/index.php?rest_route=%2Fwp%2Fv2%2Ftags&post=6627"}],"curies":[{"name":"wp","href":"https:\/\/api.w.org\/{rel}","templated":true}]}}