{"id":6694,"date":"2021-11-16T13:56:24","date_gmt":"2021-11-16T12:56:24","guid":{"rendered":"http:\/\/www.dgs-fussball.de\/?p=6694"},"modified":"2021-11-16T13:56:24","modified_gmt":"2021-11-16T12:56:24","slug":"u21-lehrgang-vom-27-30-10-2021-und-testspiel-gegen-u21-belgien","status":"publish","type":"post","link":"https:\/\/www.dgs-fussball.de\/?p=6694","title":{"rendered":"U21 Lehrgang vom 27.-30.10.2021 und Testspiel gegen U21 Belgien"},"content":{"rendered":"\n<p><\/p>\n\n\n\n<p>Am 27.-30. Oktober fand ein Trainingslager unserer U21 in Hennef mit einem Kader bestehend aus 22 Spielern und ein Trainerteam. Wir kamen bereits vormittags in Hennef an einer der angesehensten Sportschulen in Deutschland an und begannen nur kurze Zeit sp\u00e4ter auch schon mit dem Training. Wir waren alle hochmotiviert und wollten unser K\u00f6nnen zeigen. Wir trainierten bereits am ersten Tag hart, aber es herrschte eine sehr gute Stimmung \u00fcber uns. Am Abend dann bereits der erste H\u00e4rtetest gegen die U19 h\u00f6rende Mannschaft von Verbandsligisten FC Hennef 05. Wir gaben unser Bestes und versuchten, den Gegner mit Pressings Situationen fr\u00fch unter Druck zu setzen, was aber in der ersten Halbzeit nicht gut klappte. Die Gegner kamen zu vielen Chancen und f\u00fchrten zur Halbzeit auch verdient mit 0:2. In der zweiten Halbzeit spielten wir unsere St\u00e4rken aus und waren die klar bessere Mannschaft. Das Pressing funktionierte sehr gut und wir kamen auch zu gute Chancen, doch das Tor will nicht fallen. Wir spielten sogar kurz vor Schluss zu zehnt, da einer unserer Spieler mit Gelb-Rot vom Platz flog, aber trotzdem spielten wir sehr mutig weiter und blieben auch das st\u00e4rkere Team. Kurz vor Schluss kassierten wir dann noch das 0:3. Die Moral hat gestimmt, das Ergebnis nicht. Am n\u00e4chsten Tag dann bereits der n\u00e4chste H\u00e4rtetest gegen die Bonner SC. Ebenfalls ein sehr starkes Team aus der Verbandsliga. Wir wollten an diesem Tag zeigen, dass wir eine gute Mannschaft sind und man uns nicht untersch\u00e4tzen sollten. Die ersten 30 Minuten zeigten wir eine sehr ordentliche Leistung und lie\u00dfen hinten nichts zu. Doch nach einem ungl\u00fccklichen Gegentreffer brach unsere Mannschaft ein und kassierten zur Halbzeit noch drei weitere Gegentreffer. Zur Halbzeit stand es also 0:4. Wir waren merklich m\u00fcde vom Spiel am vorherigen Tag gegen Hennef und hatten beim Spiel gegen Bonn auch viele Verletzte zu beklagen. In der zweiten Halbzeit war Bonn die ganze Zeit \u00fcber klar besser und gewannen mit 0:7. Wir waren alle entt\u00e4uscht, da wir davon \u00fcberzeugt waren, hier f\u00fcr eine \u00dcberraschung sorgen zu k\u00f6nnen. Am n\u00e4chsten Tag hatten wir zwei weitere Trainingseinheiten und wir hakten die Spiele gegen Hennef und Bonn ab und konzentrierten nur noch auf das Spiel gegen Belgien am darauffolgenden Tag. Am Abend gingen wir alle ins Sauna und wir hatten so viel Entspannung um unsere K\u00f6pfe kurz abzuschalten. Unser neuer Physiotherapeut Walter Roth konnte alle Spieler f\u00fcr den morgigen Tag wieder fit kriegen. Am n\u00e4chsten Tag mussten wir sehr fr\u00fch aufstehen, da wir um 6:50 Uhr morgens noch eine Trainingseinheit hatten. Alle waren nat\u00fcrlich m\u00fcde, aber trotzdem trainierten alle gut mit. Um 9 Uhr fuhren wir dann mit dem Bus nach Belgien f\u00fcr das L\u00e4nderspiel, worauf alle entgegenfiebert hatten. Nach Besichtigung der Rasenplatzes, was von der Qualit\u00e4t her leider nicht gut war und Kabinenansprache ging es dann endlich los. Nach anf\u00e4nglichen Abtasten fanden wir immer besser ins Spiel und \u00fcbernahmen die Kontrolle. Es dauerte lange, bis wir uns endlich nach einem Elfmeter von Dylan Volkmann belohnten. Kurz vor der Pause schoss Leon Windisch noch das 2:0. In der zweiten Halbzeit spielten wir Belgien an die Wand und schossen noch sechs weitere Tore durch Leon Windisch, Robby Fischer, Farid Bashir, Dennis Oberd\u00f6rfer, Noah Bolz und Lennard Opitz. Wir gewannen klar mit 8:0 und h\u00e4tten noch h\u00f6her gewinnen k\u00f6nnen. Wir zeigten \u00fcber weite Strecken eine sehr gute Leistung, besonders in der zweiten Halbzeit. Wir bedanken uns bei Alexander Gaul, der noch kurzfristig als Schiedsrichter einsprang. Er zeigte ebenfalls eine solide Leistung. Nach dem Spiel war unser Trainingslager offiziell beendet.&nbsp;<\/p>\n\n\n\n<p>Zum Abschluss dieses Berichtes noch ein paar Zitate von unserem Nationaltrainer Shahin Reza Philipp:<\/p>\n\n\n\n<p>In diesem Zeitpunkt spielten wir 2 schwere Testspiele um vieles auszuprobieren und entsprechend Schwerpunkte weiterzubilden. Darunter spielten wir gegen die U19 FC Hennef (@fchennef05u19 ) und U19 Bonner SC (@bonnerscu19)<\/p>\n\n\n\n<p>Dass es ihnen jedoch so gut und so eindrucksvoll gelungen ist, hat uns auch als Trainerteam positiv \u00fcberrascht und uns f\u00fcr jeden einzelnen Spieler enorm gefreut, dass wir unsere interne Zielpyramide weiter besteigen k\u00f6nnen.<\/p>\n\n\n\n<p>Ich bin insgesamt hochzufrieden und froh \u00fcber den gelungenen Lehrgang. \u201cDie Jungs haben richtig Bock unsere Ziele zu erreichen und wollen sich immer weiter entwickeln.\u201d<\/p>\n\n\n\n<p>Somit gehen wir f\u00fcr 2021 in die Winterpause.<\/p>\n\n\n\n<p>Das U21-Trainerteam wird sich in dieser Winterpause fokussiert vorbereiten mit neuen Training Lehrg\u00e4ngen f\u00fcr die Europameisterschaft im Jahr 2022.<\/p>\n\n\n\n<p>Bericht von Lennard Opitz<\/p>\n\n\n\n<figure class=\"wp-block-gallery columns-3 is-cropped wp-block-gallery-1 is-layout-flex wp-block-gallery-is-layout-flex\"><ul class=\"blocks-gallery-grid\"><li class=\"blocks-gallery-item\"><figure><a href=\"https:\/\/www.dgs-fussball.de\/wordpress\/wp-content\/uploads\/2021\/11\/Belgien-1024x684.jpg\"><img loading=\"lazy\" decoding=\"async\" width=\"1024\" height=\"684\" src=\"https:\/\/www.dgs-fussball.de\/wordpress\/wp-content\/uploads\/2021\/11\/Belgien-1024x684.jpg\" alt=\"\" data-id=\"6705\" data-link=\"https:\/\/www.dgs-fussball.de\/?attachment_id=6705\" class=\"wp-image-6705\" srcset=\"https:\/\/www.dgs-fussball.de\/wordpress\/wp-content\/uploads\/2021\/11\/Belgien-1024x684.jpg 1024w, https:\/\/www.dgs-fussball.de\/wordpress\/wp-content\/uploads\/2021\/11\/Belgien-300x200.jpg 300w, https:\/\/www.dgs-fussball.de\/wordpress\/wp-content\/uploads\/2021\/11\/Belgien-768x513.jpg 768w, https:\/\/www.dgs-fussball.de\/wordpress\/wp-content\/uploads\/2021\/11\/Belgien-1536x1026.jpg 1536w, https:\/\/www.dgs-fussball.de\/wordpress\/wp-content\/uploads\/2021\/11\/Belgien-2048x1368.jpg 2048w\" sizes=\"auto, (max-width: 1024px) 100vw, 1024px\" \/><\/a><figcaption class=\"blocks-gallery-item__caption\">U21 Belgien<\/figcaption><\/figure><\/li><li class=\"blocks-gallery-item\"><figure><a href=\"https:\/\/www.dgs-fussball.de\/wordpress\/wp-content\/uploads\/2021\/11\/Deutschland-I-1024x562.jpg\"><img loading=\"lazy\" decoding=\"async\" width=\"1024\" height=\"562\" src=\"https:\/\/www.dgs-fussball.de\/wordpress\/wp-content\/uploads\/2021\/11\/Deutschland-I-1024x562.jpg\" alt=\"\" data-id=\"6706\" data-link=\"https:\/\/www.dgs-fussball.de\/?attachment_id=6706\" class=\"wp-image-6706\" srcset=\"https:\/\/www.dgs-fussball.de\/wordpress\/wp-content\/uploads\/2021\/11\/Deutschland-I-1024x562.jpg 1024w, https:\/\/www.dgs-fussball.de\/wordpress\/wp-content\/uploads\/2021\/11\/Deutschland-I-300x165.jpg 300w, https:\/\/www.dgs-fussball.de\/wordpress\/wp-content\/uploads\/2021\/11\/Deutschland-I-768x421.jpg 768w, https:\/\/www.dgs-fussball.de\/wordpress\/wp-content\/uploads\/2021\/11\/Deutschland-I-1536x842.jpg 1536w, https:\/\/www.dgs-fussball.de\/wordpress\/wp-content\/uploads\/2021\/11\/Deutschland-I-2048x1123.jpg 2048w\" sizes=\"auto, (max-width: 1024px) 100vw, 1024px\" \/><\/a><figcaption class=\"blocks-gallery-item__caption\">Mannschaft gegen Belgien<\/figcaption><\/figure><\/li><li class=\"blocks-gallery-item\"><figure><a href=\"https:\/\/www.dgs-fussball.de\/wordpress\/wp-content\/uploads\/2021\/11\/Deutschland-1024x660.jpg\"><img loading=\"lazy\" decoding=\"async\" width=\"1024\" height=\"660\" src=\"https:\/\/www.dgs-fussball.de\/wordpress\/wp-content\/uploads\/2021\/11\/Deutschland-1024x660.jpg\" alt=\"\" data-id=\"6707\" data-link=\"https:\/\/www.dgs-fussball.de\/?attachment_id=6707\" class=\"wp-image-6707\" srcset=\"https:\/\/www.dgs-fussball.de\/wordpress\/wp-content\/uploads\/2021\/11\/Deutschland-1024x660.jpg 1024w, https:\/\/www.dgs-fussball.de\/wordpress\/wp-content\/uploads\/2021\/11\/Deutschland-300x193.jpg 300w, https:\/\/www.dgs-fussball.de\/wordpress\/wp-content\/uploads\/2021\/11\/Deutschland-768x495.jpg 768w, https:\/\/www.dgs-fussball.de\/wordpress\/wp-content\/uploads\/2021\/11\/Deutschland-1536x989.jpg 1536w, https:\/\/www.dgs-fussball.de\/wordpress\/wp-content\/uploads\/2021\/11\/Deutschland-2048x1319.jpg 2048w\" sizes=\"auto, (max-width: 1024px) 100vw, 1024px\" \/><\/a><figcaption class=\"blocks-gallery-item__caption\">U21 Startaufstellung gegen U21 Belgien<\/figcaption><\/figure><\/li><li class=\"blocks-gallery-item\"><figure><a href=\"https:\/\/www.dgs-fussball.de\/wordpress\/wp-content\/uploads\/2021\/11\/2-1-1-1024x282.jpeg\"><img loading=\"lazy\" decoding=\"async\" width=\"1024\" height=\"282\" src=\"https:\/\/www.dgs-fussball.de\/wordpress\/wp-content\/uploads\/2021\/11\/2-1-1-1024x282.jpeg\" alt=\"\" data-id=\"6708\" data-link=\"https:\/\/www.dgs-fussball.de\/?attachment_id=6708\" class=\"wp-image-6708\" srcset=\"https:\/\/www.dgs-fussball.de\/wordpress\/wp-content\/uploads\/2021\/11\/2-1-1-1024x282.jpeg 1024w, https:\/\/www.dgs-fussball.de\/wordpress\/wp-content\/uploads\/2021\/11\/2-1-1-300x83.jpeg 300w, https:\/\/www.dgs-fussball.de\/wordpress\/wp-content\/uploads\/2021\/11\/2-1-1-768x211.jpeg 768w, https:\/\/www.dgs-fussball.de\/wordpress\/wp-content\/uploads\/2021\/11\/2-1-1-1536x422.jpeg 1536w, https:\/\/www.dgs-fussball.de\/wordpress\/wp-content\/uploads\/2021\/11\/2-1-1.jpeg 1800w\" sizes=\"auto, (max-width: 1024px) 100vw, 1024px\" \/><\/a><figcaption class=\"blocks-gallery-item__caption\">Testspiel gegen U19 Bonner SC<\/figcaption><\/figure><\/li><li class=\"blocks-gallery-item\"><figure><a href=\"https:\/\/www.dgs-fussball.de\/wordpress\/wp-content\/uploads\/2021\/11\/IMG_01431-1024x768.jpeg\"><img loading=\"lazy\" decoding=\"async\" width=\"1024\" height=\"768\" src=\"https:\/\/www.dgs-fussball.de\/wordpress\/wp-content\/uploads\/2021\/11\/IMG_01431-1024x768.jpeg\" alt=\"\" data-id=\"6704\" data-link=\"https:\/\/www.dgs-fussball.de\/?attachment_id=6704\" class=\"wp-image-6704\" srcset=\"https:\/\/www.dgs-fussball.de\/wordpress\/wp-content\/uploads\/2021\/11\/IMG_01431-1024x768.jpeg 1024w, https:\/\/www.dgs-fussball.de\/wordpress\/wp-content\/uploads\/2021\/11\/IMG_01431-300x225.jpeg 300w, https:\/\/www.dgs-fussball.de\/wordpress\/wp-content\/uploads\/2021\/11\/IMG_01431-768x576.jpeg 768w, https:\/\/www.dgs-fussball.de\/wordpress\/wp-content\/uploads\/2021\/11\/IMG_01431-1536x1152.jpeg 1536w, https:\/\/www.dgs-fussball.de\/wordpress\/wp-content\/uploads\/2021\/11\/IMG_01431-2048x1536.jpeg 2048w\" sizes=\"auto, (max-width: 1024px) 100vw, 1024px\" \/><\/a><figcaption class=\"blocks-gallery-item__caption\">Training <\/figcaption><\/figure><\/li><li class=\"blocks-gallery-item\"><figure><a href=\"https:\/\/www.dgs-fussball.de\/wordpress\/wp-content\/uploads\/2021\/11\/IMG_0145-1024x768.jpeg\"><img loading=\"lazy\" decoding=\"async\" width=\"1024\" height=\"768\" src=\"https:\/\/www.dgs-fussball.de\/wordpress\/wp-content\/uploads\/2021\/11\/IMG_0145-1024x768.jpeg\" alt=\"\" data-id=\"6703\" data-link=\"https:\/\/www.dgs-fussball.de\/?attachment_id=6703\" class=\"wp-image-6703\" srcset=\"https:\/\/www.dgs-fussball.de\/wordpress\/wp-content\/uploads\/2021\/11\/IMG_0145-1024x768.jpeg 1024w, https:\/\/www.dgs-fussball.de\/wordpress\/wp-content\/uploads\/2021\/11\/IMG_0145-300x225.jpeg 300w, https:\/\/www.dgs-fussball.de\/wordpress\/wp-content\/uploads\/2021\/11\/IMG_0145-768x576.jpeg 768w, https:\/\/www.dgs-fussball.de\/wordpress\/wp-content\/uploads\/2021\/11\/IMG_0145-1536x1152.jpeg 1536w, https:\/\/www.dgs-fussball.de\/wordpress\/wp-content\/uploads\/2021\/11\/IMG_0145-2048x1536.jpeg 2048w\" sizes=\"auto, (max-width: 1024px) 100vw, 1024px\" \/><\/a><figcaption class=\"blocks-gallery-item__caption\">Training Taktik Besprechung<\/figcaption><\/figure><\/li><li class=\"blocks-gallery-item\"><figure><a href=\"https:\/\/www.dgs-fussball.de\/wordpress\/wp-content\/uploads\/2021\/11\/IMG_0144-1024x768.jpeg\"><img loading=\"lazy\" decoding=\"async\" width=\"1024\" height=\"768\" src=\"https:\/\/www.dgs-fussball.de\/wordpress\/wp-content\/uploads\/2021\/11\/IMG_0144-1024x768.jpeg\" alt=\"\" data-id=\"6702\" data-link=\"https:\/\/www.dgs-fussball.de\/?attachment_id=6702\" class=\"wp-image-6702\" srcset=\"https:\/\/www.dgs-fussball.de\/wordpress\/wp-content\/uploads\/2021\/11\/IMG_0144-1024x768.jpeg 1024w, https:\/\/www.dgs-fussball.de\/wordpress\/wp-content\/uploads\/2021\/11\/IMG_0144-300x225.jpeg 300w, https:\/\/www.dgs-fussball.de\/wordpress\/wp-content\/uploads\/2021\/11\/IMG_0144-768x576.jpeg 768w, https:\/\/www.dgs-fussball.de\/wordpress\/wp-content\/uploads\/2021\/11\/IMG_0144-1536x1152.jpeg 1536w, https:\/\/www.dgs-fussball.de\/wordpress\/wp-content\/uploads\/2021\/11\/IMG_0144-2048x1536.jpeg 2048w\" sizes=\"auto, (max-width: 1024px) 100vw, 1024px\" \/><\/a><\/figure><\/li><li class=\"blocks-gallery-item\"><figure><a href=\"https:\/\/www.dgs-fussball.de\/wordpress\/wp-content\/uploads\/2021\/11\/TAM6673-2-1024x684.jpg\"><img loading=\"lazy\" decoding=\"async\" width=\"1024\" height=\"684\" src=\"https:\/\/www.dgs-fussball.de\/wordpress\/wp-content\/uploads\/2021\/11\/TAM6673-2-1024x684.jpg\" alt=\"\" data-id=\"6701\" data-link=\"https:\/\/www.dgs-fussball.de\/?attachment_id=6701\" class=\"wp-image-6701\" srcset=\"https:\/\/www.dgs-fussball.de\/wordpress\/wp-content\/uploads\/2021\/11\/TAM6673-2-1024x684.jpg 1024w, https:\/\/www.dgs-fussball.de\/wordpress\/wp-content\/uploads\/2021\/11\/TAM6673-2-300x200.jpg 300w, https:\/\/www.dgs-fussball.de\/wordpress\/wp-content\/uploads\/2021\/11\/TAM6673-2-768x513.jpg 768w, https:\/\/www.dgs-fussball.de\/wordpress\/wp-content\/uploads\/2021\/11\/TAM6673-2-1536x1027.jpg 1536w, https:\/\/www.dgs-fussball.de\/wordpress\/wp-content\/uploads\/2021\/11\/TAM6673-2.jpg 1616w\" sizes=\"auto, (max-width: 1024px) 100vw, 1024px\" \/><\/a><\/figure><\/li><li class=\"blocks-gallery-item\"><figure><a href=\"https:\/\/www.dgs-fussball.de\/wordpress\/wp-content\/uploads\/2021\/11\/TAM6699-1024x684.jpg\"><img loading=\"lazy\" decoding=\"async\" width=\"1024\" height=\"684\" src=\"https:\/\/www.dgs-fussball.de\/wordpress\/wp-content\/uploads\/2021\/11\/TAM6699-1024x684.jpg\" alt=\"\" data-id=\"6700\" data-link=\"https:\/\/www.dgs-fussball.de\/?attachment_id=6700\" class=\"wp-image-6700\" srcset=\"https:\/\/www.dgs-fussball.de\/wordpress\/wp-content\/uploads\/2021\/11\/TAM6699-1024x684.jpg 1024w, https:\/\/www.dgs-fussball.de\/wordpress\/wp-content\/uploads\/2021\/11\/TAM6699-300x200.jpg 300w, https:\/\/www.dgs-fussball.de\/wordpress\/wp-content\/uploads\/2021\/11\/TAM6699-768x513.jpg 768w, https:\/\/www.dgs-fussball.de\/wordpress\/wp-content\/uploads\/2021\/11\/TAM6699-1536x1027.jpg 1536w, https:\/\/www.dgs-fussball.de\/wordpress\/wp-content\/uploads\/2021\/11\/TAM6699.jpg 1616w\" sizes=\"auto, (max-width: 1024px) 100vw, 1024px\" \/><\/a><figcaption class=\"blocks-gallery-item__caption\">Testspiel gegen U19 Hennef 05<\/figcaption><\/figure><\/li><li class=\"blocks-gallery-item\"><figure><a href=\"https:\/\/www.dgs-fussball.de\/wordpress\/wp-content\/uploads\/2021\/11\/TAM6680-2-1024x684.jpg\"><img loading=\"lazy\" decoding=\"async\" width=\"1024\" height=\"684\" src=\"https:\/\/www.dgs-fussball.de\/wordpress\/wp-content\/uploads\/2021\/11\/TAM6680-2-1024x684.jpg\" alt=\"\" data-id=\"6699\" data-link=\"https:\/\/www.dgs-fussball.de\/?attachment_id=6699\" class=\"wp-image-6699\" srcset=\"https:\/\/www.dgs-fussball.de\/wordpress\/wp-content\/uploads\/2021\/11\/TAM6680-2-1024x684.jpg 1024w, https:\/\/www.dgs-fussball.de\/wordpress\/wp-content\/uploads\/2021\/11\/TAM6680-2-300x200.jpg 300w, https:\/\/www.dgs-fussball.de\/wordpress\/wp-content\/uploads\/2021\/11\/TAM6680-2-768x513.jpg 768w, https:\/\/www.dgs-fussball.de\/wordpress\/wp-content\/uploads\/2021\/11\/TAM6680-2-1536x1027.jpg 1536w, https:\/\/www.dgs-fussball.de\/wordpress\/wp-content\/uploads\/2021\/11\/TAM6680-2.jpg 1616w\" sizes=\"auto, (max-width: 1024px) 100vw, 1024px\" \/><\/a><\/figure><\/li><li class=\"blocks-gallery-item\"><figure><a href=\"https:\/\/www.dgs-fussball.de\/wordpress\/wp-content\/uploads\/2021\/11\/TAM6673-1-1024x684.jpg\"><img loading=\"lazy\" decoding=\"async\" width=\"1024\" height=\"684\" src=\"https:\/\/www.dgs-fussball.de\/wordpress\/wp-content\/uploads\/2021\/11\/TAM6673-1-1024x684.jpg\" alt=\"\" data-id=\"6698\" data-link=\"https:\/\/www.dgs-fussball.de\/?attachment_id=6698\" class=\"wp-image-6698\" srcset=\"https:\/\/www.dgs-fussball.de\/wordpress\/wp-content\/uploads\/2021\/11\/TAM6673-1-1024x684.jpg 1024w, https:\/\/www.dgs-fussball.de\/wordpress\/wp-content\/uploads\/2021\/11\/TAM6673-1-300x200.jpg 300w, https:\/\/www.dgs-fussball.de\/wordpress\/wp-content\/uploads\/2021\/11\/TAM6673-1-768x513.jpg 768w, https:\/\/www.dgs-fussball.de\/wordpress\/wp-content\/uploads\/2021\/11\/TAM6673-1-1536x1027.jpg 1536w, https:\/\/www.dgs-fussball.de\/wordpress\/wp-content\/uploads\/2021\/11\/TAM6673-1.jpg 1616w\" sizes=\"auto, (max-width: 1024px) 100vw, 1024px\" \/><\/a><\/figure><\/li><\/ul><\/figure>\n\n\n\n<figure class=\"wp-block-image size-full\"><a href=\"https:\/\/www.dgs-fussball.de\/wordpress\/wp-content\/uploads\/2021\/11\/2.jpeg\"><img loading=\"lazy\" decoding=\"async\" width=\"576\" height=\"1024\" src=\"https:\/\/www.dgs-fussball.de\/wordpress\/wp-content\/uploads\/2021\/11\/2.jpeg\" alt=\"\" class=\"wp-image-6709\" srcset=\"https:\/\/www.dgs-fussball.de\/wordpress\/wp-content\/uploads\/2021\/11\/2.jpeg 576w, https:\/\/www.dgs-fussball.de\/wordpress\/wp-content\/uploads\/2021\/11\/2-169x300.jpeg 169w\" sizes=\"auto, (max-width: 576px) 100vw, 576px\" \/><\/a><figcaption>Bonner Generalanzeiger 30.\/31.10.2021<\/figcaption><\/figure>\n\n\n\n<p><\/p>\n","protected":false},"excerpt":{"rendered":"<p>Am 27.-30. Oktober fand ein Trainingslager unserer U21 in Hennef mit einem Kader bestehend aus 22 Spielern und ein Trainerteam. Wir kamen bereits vormittags in Hennef an einer der angesehensten Sportschulen in Deutschland an und begannen nur kurze Zeit sp\u00e4ter auch schon mit dem Training. Wir waren alle hochmotiviert und wollten unser K\u00f6nnen zeigen. Wir trainierten bereits am ersten Tag<\/p>\n","protected":false},"author":1,"featured_media":0,"comment_status":"closed","ping_status":"closed","sticky":false,"template":"","format":"standard","meta":{"ngg_post_thumbnail":0,"footnotes":""},"categories":[1],"tags":[],"class_list":["post-6694","post","type-post","status-publish","format-standard","hentry","category-allgemein"],"_links":{"self":[{"href":"https:\/\/www.dgs-fussball.de\/index.php?rest_route=\/wp\/v2\/posts\/6694","targetHints":{"allow":["GET"]}}],"collection":[{"href":"https:\/\/www.dgs-fussball.de\/index.php?rest_route=\/wp\/v2\/posts"}],"about":[{"href":"https:\/\/www.dgs-fussball.de\/index.php?rest_route=\/wp\/v2\/types\/post"}],"author":[{"embeddable":true,"href":"https:\/\/www.dgs-fussball.de\/index.php?rest_route=\/wp\/v2\/users\/1"}],"replies":[{"embeddable":true,"href":"https:\/\/www.dgs-fussball.de\/index.php?rest_route=%2Fwp%2Fv2%2Fcomments&post=6694"}],"version-history":[{"count":4,"href":"https:\/\/www.dgs-fussball.de\/index.php?rest_route=\/wp\/v2\/posts\/6694\/revisions"}],"predecessor-version":[{"id":6716,"href":"https:\/\/www.dgs-fussball.de\/index.php?rest_route=\/wp\/v2\/posts\/6694\/revisions\/6716"}],"wp:attachment":[{"href":"https:\/\/www.dgs-fussball.de\/index.php?rest_route=%2Fwp%2Fv2%2Fmedia&parent=6694"}],"wp:term":[{"taxonomy":"category","embeddable":true,"href":"https:\/\/www.dgs-fussball.de\/index.php?rest_route=%2Fwp%2Fv2%2Fcategories&post=6694"},{"taxonomy":"post_tag","embeddable":true,"href":"https:\/\/www.dgs-fussball.de\/index.php?rest_route=%2Fwp%2Fv2%2Ftags&post=6694"}],"curies":[{"name":"wp","href":"https:\/\/api.w.org\/{rel}","templated":true}]}}