{"id":6742,"date":"2022-01-04T18:45:25","date_gmt":"2022-01-04T17:45:25","guid":{"rendered":"http:\/\/www.dgs-fussball.de\/?p=6742"},"modified":"2022-01-04T18:45:25","modified_gmt":"2022-01-04T17:45:25","slug":"offizielle-mitteilung-austritt-des-gsv-osnabrueck-aus-der-dgs-sparte-fussball","status":"publish","type":"post","link":"https:\/\/www.dgs-fussball.de\/?p=6742","title":{"rendered":"OFFIZIELLE MITTEILUNG \u2013 AUSTRITT DES GSV OSNABR\u00dcCK AUS DER DGS-SPARTE FUSSBALL"},"content":{"rendered":"\n<p class=\"has-text-align-center\">Liebe Fu\u00dfballkameraden,<br><br>da ich bedauerlicherweise eine Mail \u00fcbersehen hatte, dass die Fu\u00dfballabteilung des GSV Osnabr\u00fcck wurde schon seit 2020 aufgel\u00f6st und der Verein GSV Osnabr\u00fcck somit nicht mehr Mitglied der DGS-Sparte Fu\u00dfball ist.<\/p>\n\n\n\n<p class=\"has-text-align-center\">Spieler, die vom GSV Osnabr\u00fcck weg zu anderen Vereinen wechseln, k\u00f6nnen sicherlich nach Vorliegen aller erforderlichen Unterlagen bei der Passstelle Linda Adrian\u00a0<strong>SOFORT<\/strong>\u00a0spielberichtigt f\u00fcr den neuen Verein eingesetzt werden.<\/p>\n\n\n\n<p class=\"has-text-align-center\">Mit sportlichen Gr\u00fc\u00dfen&nbsp;<\/p>\n\n\n\n<p class=\"has-text-align-center\">Rainer B\u00fcrger<\/p>\n\n\n\n<p class=\"has-text-align-center\">Verbandsfu\u00dfballwart&nbsp;<br>DGSV &#8211; Sparte Fu\u00dfball<\/p>\n\n\n\n<p><\/p>\n","protected":false},"excerpt":{"rendered":"<p>Liebe Fu\u00dfballkameraden, da ich bedauerlicherweise eine Mail \u00fcbersehen hatte, dass die Fu\u00dfballabteilung des GSV Osnabr\u00fcck wurde schon seit 2020 aufgel\u00f6st und der Verein GSV Osnabr\u00fcck somit nicht mehr Mitglied der DGS-Sparte Fu\u00dfball ist. Spieler, die vom GSV Osnabr\u00fcck weg zu anderen Vereinen wechseln, k\u00f6nnen sicherlich nach Vorliegen aller erforderlichen Unterlagen bei der Passstelle Linda Adrian\u00a0SOFORT\u00a0spielberichtigt f\u00fcr den neuen Verein eingesetzt<\/p>\n","protected":false},"author":1,"featured_media":0,"comment_status":"closed","ping_status":"closed","sticky":false,"template":"","format":"standard","meta":{"ngg_post_thumbnail":0,"footnotes":""},"categories":[1],"tags":[],"class_list":["post-6742","post","type-post","status-publish","format-standard","hentry","category-allgemein"],"_links":{"self":[{"href":"https:\/\/www.dgs-fussball.de\/index.php?rest_route=\/wp\/v2\/posts\/6742","targetHints":{"allow":["GET"]}}],"collection":[{"href":"https:\/\/www.dgs-fussball.de\/index.php?rest_route=\/wp\/v2\/posts"}],"about":[{"href":"https:\/\/www.dgs-fussball.de\/index.php?rest_route=\/wp\/v2\/types\/post"}],"author":[{"embeddable":true,"href":"https:\/\/www.dgs-fussball.de\/index.php?rest_route=\/wp\/v2\/users\/1"}],"replies":[{"embeddable":true,"href":"https:\/\/www.dgs-fussball.de\/index.php?rest_route=%2Fwp%2Fv2%2Fcomments&post=6742"}],"version-history":[{"count":1,"href":"https:\/\/www.dgs-fussball.de\/index.php?rest_route=\/wp\/v2\/posts\/6742\/revisions"}],"predecessor-version":[{"id":6743,"href":"https:\/\/www.dgs-fussball.de\/index.php?rest_route=\/wp\/v2\/posts\/6742\/revisions\/6743"}],"wp:attachment":[{"href":"https:\/\/www.dgs-fussball.de\/index.php?rest_route=%2Fwp%2Fv2%2Fmedia&parent=6742"}],"wp:term":[{"taxonomy":"category","embeddable":true,"href":"https:\/\/www.dgs-fussball.de\/index.php?rest_route=%2Fwp%2Fv2%2Fcategories&post=6742"},{"taxonomy":"post_tag","embeddable":true,"href":"https:\/\/www.dgs-fussball.de\/index.php?rest_route=%2Fwp%2Fv2%2Ftags&post=6742"}],"curies":[{"name":"wp","href":"https:\/\/api.w.org\/{rel}","templated":true}]}}