{"id":6955,"date":"2022-02-28T15:34:45","date_gmt":"2022-02-28T14:34:45","guid":{"rendered":"https:\/\/www.dgs-fussball.de\/?p=6955"},"modified":"2022-02-28T15:35:28","modified_gmt":"2022-02-28T14:35:28","slug":"nachruf-gewidmet-unserem-ehemaliger-mitarbeiter-guenter-saint-memaint","status":"publish","type":"post","link":"https:\/\/www.dgs-fussball.de\/?p=6955","title":{"rendered":"NACHRUF \u2013 GEWIDMET UNSEREM EHEMALIGER MITARBEITER G\u00dcNTER SAINT-MEMAINT"},"content":{"rendered":"\n<p class=\"has-text-align-center\">Unerwartet und tief betroffen mussten wir die traurige Nachricht zur Kenntnis nehmen, dass unser ehemaliger Mitarbeiter des DGSV Sparte Fu\u00dfball am 07. Februar 2022 im Alter von 92 Jahren verstorben ist.<\/p>\n\n\n\n<p class=\"has-text-align-center\">Sein Tod hat uns alle sehr getroffen, unser ganzes Mitgef\u00fchl in diesen schweren Stunden gilt seiner Familie und den Angeh\u00f6rigen.<\/p>\n\n\n\n<p class=\"has-text-align-center\">G\u00fcnter hatte in seinen Funktionen im DGSV Sparte Fu\u00dfball vom 1966 bis 1983 Pass- und Kassenverwalter und kurzzeitig f\u00fcr ein Jahr Fu\u00dfballfachwart.<\/p>\n\n\n\n<p class=\"has-text-align-center\">Er hatte 1990 den Preistr\u00e4ger der Heinrich-Siepmann &#8211; Plakette bekommen.<\/p>\n\n\n\n<p class=\"has-text-align-center\">Wir werden ihm immer ein ehrendes Gedenken bewahren.<\/p>\n\n\n\n<p class=\"has-text-align-center\">Danke, dass es dich gab.<\/p>\n\n\n\n<p class=\"has-text-align-center\">In tiefer Trauer<\/p>\n\n\n\n<div class=\"wp-block-image\"><figure class=\"aligncenter size-full is-resized\"><a href=\"https:\/\/www.dgs-fussball.de\/wordpress\/wp-content\/uploads\/2022\/02\/img_0006_facetune_08-02-2022-23-06-06-338x450-2.jpg\"><img loading=\"lazy\" decoding=\"async\" src=\"https:\/\/www.dgs-fussball.de\/wordpress\/wp-content\/uploads\/2022\/02\/img_0006_facetune_08-02-2022-23-06-06-338x450-2.jpg\" alt=\"\" class=\"wp-image-6957\" width=\"351\" height=\"467\" srcset=\"https:\/\/www.dgs-fussball.de\/wordpress\/wp-content\/uploads\/2022\/02\/img_0006_facetune_08-02-2022-23-06-06-338x450-2.jpg 338w, https:\/\/www.dgs-fussball.de\/wordpress\/wp-content\/uploads\/2022\/02\/img_0006_facetune_08-02-2022-23-06-06-338x450-2-225x300.jpg 225w\" sizes=\"auto, (max-width: 351px) 100vw, 351px\" \/><\/a><figcaption>G\u00fcnter Saint &#8211; Memaint \/ Quelle GSV M\u00fcnchen<\/figcaption><\/figure><\/div>\n\n\n\n<p><\/p>\n\n\n\n<p><\/p>\n\n\n\n<p><\/p>\n\n\n\n<p><\/p>\n","protected":false},"excerpt":{"rendered":"<p>Unerwartet und tief betroffen mussten wir die traurige Nachricht zur Kenntnis nehmen, dass unser ehemaliger Mitarbeiter des DGSV Sparte Fu\u00dfball am 07. Februar 2022 im Alter von 92 Jahren verstorben ist. Sein Tod hat uns alle sehr getroffen, unser ganzes Mitgef\u00fchl in diesen schweren Stunden gilt seiner Familie und den Angeh\u00f6rigen. G\u00fcnter hatte in seinen Funktionen im DGSV Sparte Fu\u00dfball<\/p>\n","protected":false},"author":1,"featured_media":0,"comment_status":"closed","ping_status":"closed","sticky":false,"template":"","format":"standard","meta":{"ngg_post_thumbnail":0,"footnotes":""},"categories":[1],"tags":[],"class_list":["post-6955","post","type-post","status-publish","format-standard","hentry","category-allgemein"],"_links":{"self":[{"href":"https:\/\/www.dgs-fussball.de\/index.php?rest_route=\/wp\/v2\/posts\/6955","targetHints":{"allow":["GET"]}}],"collection":[{"href":"https:\/\/www.dgs-fussball.de\/index.php?rest_route=\/wp\/v2\/posts"}],"about":[{"href":"https:\/\/www.dgs-fussball.de\/index.php?rest_route=\/wp\/v2\/types\/post"}],"author":[{"embeddable":true,"href":"https:\/\/www.dgs-fussball.de\/index.php?rest_route=\/wp\/v2\/users\/1"}],"replies":[{"embeddable":true,"href":"https:\/\/www.dgs-fussball.de\/index.php?rest_route=%2Fwp%2Fv2%2Fcomments&post=6955"}],"version-history":[{"count":3,"href":"https:\/\/www.dgs-fussball.de\/index.php?rest_route=\/wp\/v2\/posts\/6955\/revisions"}],"predecessor-version":[{"id":6960,"href":"https:\/\/www.dgs-fussball.de\/index.php?rest_route=\/wp\/v2\/posts\/6955\/revisions\/6960"}],"wp:attachment":[{"href":"https:\/\/www.dgs-fussball.de\/index.php?rest_route=%2Fwp%2Fv2%2Fmedia&parent=6955"}],"wp:term":[{"taxonomy":"category","embeddable":true,"href":"https:\/\/www.dgs-fussball.de\/index.php?rest_route=%2Fwp%2Fv2%2Fcategories&post=6955"},{"taxonomy":"post_tag","embeddable":true,"href":"https:\/\/www.dgs-fussball.de\/index.php?rest_route=%2Fwp%2Fv2%2Ftags&post=6955"}],"curies":[{"name":"wp","href":"https:\/\/api.w.org\/{rel}","templated":true}]}}