{"id":7047,"date":"2022-06-14T07:34:29","date_gmt":"2022-06-14T06:34:29","guid":{"rendered":"https:\/\/www.dgs-fussball.de\/?p=7047"},"modified":"2022-06-14T07:36:17","modified_gmt":"2022-06-14T06:36:17","slug":"bjt-2022-in-braunschweig","status":"publish","type":"post","link":"https:\/\/www.dgs-fussball.de\/?p=7047","title":{"rendered":"Bundesjugendtreffen 2022 in Braunschweig"},"content":{"rendered":"\n<p><strong>Kleinfeld &#8211; Meisterschaft der U15<\/strong><\/p>\n\n\n\n<p>Die U15 konnte erst um 14:00 Uhr beginnen. Viele kleine Sportler nahmen auch in anderen Disziplinen, z.B. Leichtathletik an den BJT teil. <\/p>\n\n\n\n<p>Die U15 Mannschaft des Berliner SC Comet kam sp\u00e4ter an, der der Zug ausfiel und wir danken allen anderen Vereinen daf\u00fcr, dass sie einverstanden waren die Spielzeit nach hinten zu verlegen. Die ungeschlagene Mannschaft aus Braunschweig war hoch motiviert und gut in Form.<\/p>\n\n\n\n<p>Das Entscheidungsspiel um Platz 2 absolvierten M\u00fcnchen und Berlin, am Ende gewannen die Sportler vom Berliner SC Comet mit 3:0.<\/p>\n\n\n\n<div class=\"wp-block-jetpack-slideshow aligncenter\" data-effect=\"slide\"><div class=\"wp-block-jetpack-slideshow_container swiper-container\"><ul class=\"wp-block-jetpack-slideshow_swiper-wrapper swiper-wrapper\"><li class=\"wp-block-jetpack-slideshow_slide swiper-slide\"><figure><img loading=\"lazy\" decoding=\"async\" width=\"1024\" height=\"768\" alt=\"\" class=\"wp-block-jetpack-slideshow_image wp-image-7056\" data-id=\"7056\" src=\"https:\/\/www.dgs-fussball.de\/wordpress\/wp-content\/uploads\/2022\/06\/U15-Meister-1024x768.jpg\" srcset=\"https:\/\/www.dgs-fussball.de\/wordpress\/wp-content\/uploads\/2022\/06\/U15-Meister-1024x768.jpg 1024w, https:\/\/www.dgs-fussball.de\/wordpress\/wp-content\/uploads\/2022\/06\/U15-Meister-300x225.jpg 300w, https:\/\/www.dgs-fussball.de\/wordpress\/wp-content\/uploads\/2022\/06\/U15-Meister-768x576.jpg 768w, https:\/\/www.dgs-fussball.de\/wordpress\/wp-content\/uploads\/2022\/06\/U15-Meister-1536x1152.jpg 1536w, https:\/\/www.dgs-fussball.de\/wordpress\/wp-content\/uploads\/2022\/06\/U15-Meister.jpg 2048w\" sizes=\"auto, (max-width: 1024px) 100vw, 1024px\" \/><figcaption class=\"wp-block-jetpack-slideshow_caption gallery-caption\">1. Platz Braunschweig<\/figcaption><\/figure><\/li><li class=\"wp-block-jetpack-slideshow_slide swiper-slide\"><figure><img loading=\"lazy\" decoding=\"async\" width=\"1024\" height=\"768\" alt=\"\" class=\"wp-block-jetpack-slideshow_image wp-image-7053\" data-id=\"7053\" src=\"https:\/\/www.dgs-fussball.de\/wordpress\/wp-content\/uploads\/2022\/06\/U15-2.-Platz-Berliner-SC-Comet-1024x768.jpg\" srcset=\"https:\/\/www.dgs-fussball.de\/wordpress\/wp-content\/uploads\/2022\/06\/U15-2.-Platz-Berliner-SC-Comet-1024x768.jpg 1024w, https:\/\/www.dgs-fussball.de\/wordpress\/wp-content\/uploads\/2022\/06\/U15-2.-Platz-Berliner-SC-Comet-300x225.jpg 300w, https:\/\/www.dgs-fussball.de\/wordpress\/wp-content\/uploads\/2022\/06\/U15-2.-Platz-Berliner-SC-Comet-768x576.jpg 768w, https:\/\/www.dgs-fussball.de\/wordpress\/wp-content\/uploads\/2022\/06\/U15-2.-Platz-Berliner-SC-Comet-1536x1152.jpg 1536w, https:\/\/www.dgs-fussball.de\/wordpress\/wp-content\/uploads\/2022\/06\/U15-2.-Platz-Berliner-SC-Comet.jpg 2048w\" sizes=\"auto, (max-width: 1024px) 100vw, 1024px\" \/><figcaption class=\"wp-block-jetpack-slideshow_caption gallery-caption\">2. Platz Berliner SC Comet<\/figcaption><\/figure><\/li><li class=\"wp-block-jetpack-slideshow_slide swiper-slide\"><figure><img loading=\"lazy\" decoding=\"async\" width=\"842\" height=\"667\" alt=\"\" class=\"wp-block-jetpack-slideshow_image wp-image-7052\" data-id=\"7052\" src=\"https:\/\/www.dgs-fussball.de\/wordpress\/wp-content\/uploads\/2022\/06\/U15-3.-Platz-GBF-Muenchen.jpg\" srcset=\"https:\/\/www.dgs-fussball.de\/wordpress\/wp-content\/uploads\/2022\/06\/U15-3.-Platz-GBF-Muenchen.jpg 842w, https:\/\/www.dgs-fussball.de\/wordpress\/wp-content\/uploads\/2022\/06\/U15-3.-Platz-GBF-Muenchen-300x238.jpg 300w, https:\/\/www.dgs-fussball.de\/wordpress\/wp-content\/uploads\/2022\/06\/U15-3.-Platz-GBF-Muenchen-768x608.jpg 768w\" sizes=\"auto, (max-width: 842px) 100vw, 842px\" \/><figcaption class=\"wp-block-jetpack-slideshow_caption gallery-caption\">3. Platz GBF M\u00fcnchen<\/figcaption><\/figure><\/li><li class=\"wp-block-jetpack-slideshow_slide swiper-slide\"><figure><img loading=\"lazy\" decoding=\"async\" width=\"899\" height=\"1024\" alt=\"\" class=\"wp-block-jetpack-slideshow_image wp-image-7051\" data-id=\"7051\" src=\"https:\/\/www.dgs-fussball.de\/wordpress\/wp-content\/uploads\/2022\/06\/U15-3.-Platz-899x1024.jpg\" srcset=\"https:\/\/www.dgs-fussball.de\/wordpress\/wp-content\/uploads\/2022\/06\/U15-3.-Platz-899x1024.jpg 899w, https:\/\/www.dgs-fussball.de\/wordpress\/wp-content\/uploads\/2022\/06\/U15-3.-Platz-263x300.jpg 263w, https:\/\/www.dgs-fussball.de\/wordpress\/wp-content\/uploads\/2022\/06\/U15-3.-Platz-768x875.jpg 768w, https:\/\/www.dgs-fussball.de\/wordpress\/wp-content\/uploads\/2022\/06\/U15-3.-Platz.jpg 1200w\" sizes=\"auto, (max-width: 899px) 100vw, 899px\" \/><figcaption class=\"wp-block-jetpack-slideshow_caption gallery-caption\">3. Platz GBF M\u00fcnchen<\/figcaption><\/figure><\/li><li class=\"wp-block-jetpack-slideshow_slide swiper-slide\"><figure><img loading=\"lazy\" decoding=\"async\" width=\"1024\" height=\"895\" alt=\"\" class=\"wp-block-jetpack-slideshow_image wp-image-7050\" data-id=\"7050\" src=\"https:\/\/www.dgs-fussball.de\/wordpress\/wp-content\/uploads\/2022\/06\/U15-4.-Platz-GSV-Darmstadt-1024x895.jpg\" srcset=\"https:\/\/www.dgs-fussball.de\/wordpress\/wp-content\/uploads\/2022\/06\/U15-4.-Platz-GSV-Darmstadt-1024x895.jpg 1024w, https:\/\/www.dgs-fussball.de\/wordpress\/wp-content\/uploads\/2022\/06\/U15-4.-Platz-GSV-Darmstadt-300x262.jpg 300w, https:\/\/www.dgs-fussball.de\/wordpress\/wp-content\/uploads\/2022\/06\/U15-4.-Platz-GSV-Darmstadt-768x671.jpg 768w, https:\/\/www.dgs-fussball.de\/wordpress\/wp-content\/uploads\/2022\/06\/U15-4.-Platz-GSV-Darmstadt.jpg 1536w\" sizes=\"auto, (max-width: 1024px) 100vw, 1024px\" \/><figcaption class=\"wp-block-jetpack-slideshow_caption gallery-caption\">4. Platz GSV Darmstadt<\/figcaption><\/figure><\/li><li class=\"wp-block-jetpack-slideshow_slide swiper-slide\"><figure><img loading=\"lazy\" decoding=\"async\" width=\"1024\" height=\"768\" alt=\"\" class=\"wp-block-jetpack-slideshow_image wp-image-7049\" data-id=\"7049\" src=\"https:\/\/www.dgs-fussball.de\/wordpress\/wp-content\/uploads\/2022\/06\/U15-4.-Platz-1024x768.jpg\" srcset=\"https:\/\/www.dgs-fussball.de\/wordpress\/wp-content\/uploads\/2022\/06\/U15-4.-Platz-1024x768.jpg 1024w, https:\/\/www.dgs-fussball.de\/wordpress\/wp-content\/uploads\/2022\/06\/U15-4.-Platz-300x225.jpg 300w, https:\/\/www.dgs-fussball.de\/wordpress\/wp-content\/uploads\/2022\/06\/U15-4.-Platz-768x576.jpg 768w, https:\/\/www.dgs-fussball.de\/wordpress\/wp-content\/uploads\/2022\/06\/U15-4.-Platz-1536x1152.jpg 1536w, https:\/\/www.dgs-fussball.de\/wordpress\/wp-content\/uploads\/2022\/06\/U15-4.-Platz.jpg 2048w\" sizes=\"auto, (max-width: 1024px) 100vw, 1024px\" \/><figcaption class=\"wp-block-jetpack-slideshow_caption gallery-caption\">4. Platz GSV Darmstadt<\/figcaption><\/figure><\/li><li class=\"wp-block-jetpack-slideshow_slide swiper-slide\"><figure><img loading=\"lazy\" decoding=\"async\" width=\"1020\" height=\"666\" alt=\"\" class=\"wp-block-jetpack-slideshow_image wp-image-7048\" data-id=\"7048\" src=\"https:\/\/www.dgs-fussball.de\/wordpress\/wp-content\/uploads\/2022\/06\/U15-5.-Platz-GSV-Wuerzburg.jpeg\" srcset=\"https:\/\/www.dgs-fussball.de\/wordpress\/wp-content\/uploads\/2022\/06\/U15-5.-Platz-GSV-Wuerzburg.jpeg 1020w, https:\/\/www.dgs-fussball.de\/wordpress\/wp-content\/uploads\/2022\/06\/U15-5.-Platz-GSV-Wuerzburg-300x196.jpeg 300w, https:\/\/www.dgs-fussball.de\/wordpress\/wp-content\/uploads\/2022\/06\/U15-5.-Platz-GSV-Wuerzburg-768x501.jpeg 768w\" sizes=\"auto, (max-width: 1020px) 100vw, 1020px\" \/><figcaption class=\"wp-block-jetpack-slideshow_caption gallery-caption\">5. Platz GSV W\u00fcrzburg<\/figcaption><\/figure><\/li><li class=\"wp-block-jetpack-slideshow_slide swiper-slide\"><figure><img loading=\"lazy\" decoding=\"async\" width=\"1024\" height=\"684\" alt=\"\" class=\"wp-block-jetpack-slideshow_image wp-image-7054\" data-id=\"7054\" src=\"https:\/\/www.dgs-fussball.de\/wordpress\/wp-content\/uploads\/2022\/06\/Schiedsrichter-ehren-1024x684.jpg\" srcset=\"https:\/\/www.dgs-fussball.de\/wordpress\/wp-content\/uploads\/2022\/06\/Schiedsrichter-ehren-1024x684.jpg 1024w, https:\/\/www.dgs-fussball.de\/wordpress\/wp-content\/uploads\/2022\/06\/Schiedsrichter-ehren-300x200.jpg 300w, https:\/\/www.dgs-fussball.de\/wordpress\/wp-content\/uploads\/2022\/06\/Schiedsrichter-ehren-768x513.jpg 768w, https:\/\/www.dgs-fussball.de\/wordpress\/wp-content\/uploads\/2022\/06\/Schiedsrichter-ehren-1536x1027.jpg 1536w, https:\/\/www.dgs-fussball.de\/wordpress\/wp-content\/uploads\/2022\/06\/Schiedsrichter-ehren.jpg 1616w\" sizes=\"auto, (max-width: 1024px) 100vw, 1024px\" \/><figcaption class=\"wp-block-jetpack-slideshow_caption gallery-caption\">Schiedsrichter<\/figcaption><\/figure><\/li><li class=\"wp-block-jetpack-slideshow_slide swiper-slide\"><figure><img loading=\"lazy\" decoding=\"async\" width=\"1024\" height=\"868\" alt=\"\" class=\"wp-block-jetpack-slideshow_image wp-image-7055\" data-id=\"7055\" src=\"https:\/\/www.dgs-fussball.de\/wordpress\/wp-content\/uploads\/2022\/06\/U15-Torschuetze-1024x868.jpg\" srcset=\"https:\/\/www.dgs-fussball.de\/wordpress\/wp-content\/uploads\/2022\/06\/U15-Torschuetze-1024x868.jpg 1024w, https:\/\/www.dgs-fussball.de\/wordpress\/wp-content\/uploads\/2022\/06\/U15-Torschuetze-300x254.jpg 300w, https:\/\/www.dgs-fussball.de\/wordpress\/wp-content\/uploads\/2022\/06\/U15-Torschuetze-768x651.jpg 768w, https:\/\/www.dgs-fussball.de\/wordpress\/wp-content\/uploads\/2022\/06\/U15-Torschuetze-1536x1302.jpg 1536w, https:\/\/www.dgs-fussball.de\/wordpress\/wp-content\/uploads\/2022\/06\/U15-Torschuetze.jpg 1559w\" sizes=\"auto, (max-width: 1024px) 100vw, 1024px\" \/><figcaption class=\"wp-block-jetpack-slideshow_caption gallery-caption\">bester Torsch\u00fctze<\/figcaption><\/figure><\/li><li class=\"wp-block-jetpack-slideshow_slide swiper-slide\"><figure><img loading=\"lazy\" decoding=\"async\" width=\"768\" height=\"1024\" alt=\"\" class=\"wp-block-jetpack-slideshow_image wp-image-7057\" data-id=\"7057\" src=\"https:\/\/www.dgs-fussball.de\/wordpress\/wp-content\/uploads\/2022\/06\/U15-Bester-Torwart-768x1024.jpg\" srcset=\"https:\/\/www.dgs-fussball.de\/wordpress\/wp-content\/uploads\/2022\/06\/U15-Bester-Torwart-768x1024.jpg 768w, https:\/\/www.dgs-fussball.de\/wordpress\/wp-content\/uploads\/2022\/06\/U15-Bester-Torwart-225x300.jpg 225w, https:\/\/www.dgs-fussball.de\/wordpress\/wp-content\/uploads\/2022\/06\/U15-Bester-Torwart-1152x1536.jpg 1152w, https:\/\/www.dgs-fussball.de\/wordpress\/wp-content\/uploads\/2022\/06\/U15-Bester-Torwart.jpg 1200w\" sizes=\"auto, (max-width: 768px) 100vw, 768px\" \/><figcaption class=\"wp-block-jetpack-slideshow_caption gallery-caption\">bester Torwart<\/figcaption><\/figure><\/li><li class=\"wp-block-jetpack-slideshow_slide swiper-slide\"><figure><img loading=\"lazy\" decoding=\"async\" width=\"768\" height=\"1024\" alt=\"\" class=\"wp-block-jetpack-slideshow_image wp-image-7058\" data-id=\"7058\" src=\"https:\/\/www.dgs-fussball.de\/wordpress\/wp-content\/uploads\/2022\/06\/U15-bester-Spieler-768x1024.jpg\" srcset=\"https:\/\/www.dgs-fussball.de\/wordpress\/wp-content\/uploads\/2022\/06\/U15-bester-Spieler-768x1024.jpg 768w, https:\/\/www.dgs-fussball.de\/wordpress\/wp-content\/uploads\/2022\/06\/U15-bester-Spieler-225x300.jpg 225w, https:\/\/www.dgs-fussball.de\/wordpress\/wp-content\/uploads\/2022\/06\/U15-bester-Spieler-1152x1536.jpg 1152w, https:\/\/www.dgs-fussball.de\/wordpress\/wp-content\/uploads\/2022\/06\/U15-bester-Spieler.jpg 1536w\" sizes=\"auto, (max-width: 768px) 100vw, 768px\" \/><figcaption class=\"wp-block-jetpack-slideshow_caption gallery-caption\">bester Spieler<\/figcaption><\/figure><\/li><\/ul><a class=\"wp-block-jetpack-slideshow_button-prev swiper-button-prev swiper-button-white\" role=\"button\"><\/a><a class=\"wp-block-jetpack-slideshow_button-next swiper-button-next swiper-button-white\" role=\"button\"><\/a><a aria-label=\"Pause Slideshow\" class=\"wp-block-jetpack-slideshow_button-pause\" role=\"button\"><\/a><div class=\"wp-block-jetpack-slideshow_pagination swiper-pagination swiper-pagination-white\"><\/div><\/div><\/div>\n\n\n\n<div data-wp-interactive=\"core\/file\" class=\"wp-block-file\"><object data-wp-bind--hidden=\"!state.hasPdfPreview\" hidden class=\"wp-block-file__embed\" data=\"https:\/\/www.dgs-fussball.de\/wordpress\/wp-content\/uploads\/2022\/06\/DKFM-2022-Ergebnis-Jugend-U15.pdf\" type=\"application\/pdf\" style=\"width:100%;height:600px\" aria-label=\"Einbettung von Einbettung von DKFM-2022-Ergebnis-Jugend-U15..\"><\/object><a id=\"wp-block-file--media-7f8cb54d-34ab-49f5-b467-fc6112df2a00\" href=\"https:\/\/www.dgs-fussball.de\/wordpress\/wp-content\/uploads\/2022\/06\/DKFM-2022-Ergebnis-Jugend-U15.pdf\" target=\"_blank\" rel=\"noreferrer noopener\">DKFM-2022-Ergebnis-Jugend-U15<\/a><a href=\"https:\/\/www.dgs-fussball.de\/wordpress\/wp-content\/uploads\/2022\/06\/DKFM-2022-Ergebnis-Jugend-U15.pdf\" class=\"wp-block-file__button\" download aria-describedby=\"wp-block-file--media-7f8cb54d-34ab-49f5-b467-fc6112df2a00\">Herunterladen<\/a><\/div>\n\n\n\n<div data-wp-interactive=\"core\/file\" class=\"wp-block-file\"><object data-wp-bind--hidden=\"!state.hasPdfPreview\" hidden class=\"wp-block-file__embed\" data=\"https:\/\/www.dgs-fussball.de\/wordpress\/wp-content\/uploads\/2022\/06\/DGKFM-U15-2022-Torschuetze.pdf\" type=\"application\/pdf\" style=\"width:100%;height:600px\" aria-label=\"Einbettung von Einbettung von DGKFM-U15-2022-Torschuetze..\"><\/object><a id=\"wp-block-file--media-03df8bc1-1f70-4841-b9dd-40beceee4d08\" href=\"https:\/\/www.dgs-fussball.de\/wordpress\/wp-content\/uploads\/2022\/06\/DGKFM-U15-2022-Torschuetze.pdf\" target=\"_blank\" rel=\"noreferrer noopener\">DGKFM-U15-2022-Torschuetze<\/a><a href=\"https:\/\/www.dgs-fussball.de\/wordpress\/wp-content\/uploads\/2022\/06\/DGKFM-U15-2022-Torschuetze.pdf\" class=\"wp-block-file__button\" download aria-describedby=\"wp-block-file--media-03df8bc1-1f70-4841-b9dd-40beceee4d08\">Herunterladen<\/a><\/div>\n\n\n\n<p><\/p>\n\n\n\n<p><strong>Bundesl\u00e4ndermeisterschaft U21<\/strong><\/p>\n\n\n\n<p>Im Er\u00f6ffnungsspiel begegneten sich die Mannschaften aus Nordost und Bayern. Die Atmosph\u00e4re war begeisternd und das Spiel fand vor 500 Zuschauen unter Flutlicht in der Arena von Eintracht Braunschweig statt. Das werden alle nicht so schnell vergessen.<\/p>\n\n\n\n<p>Kurz vor Schluss f\u00fchrte Bayern mit 3 : 1, aber die Mannschaft Nordost bekam 2 Elfmeter zugesprochen. In der 67 Minute ber\u00fchrte der Torh\u00fcter von Nordost au\u00dferhalb des Strafraums den Ball um das 4:1 f\u00fcr Bayern zu verhindern. Er erhielt einen Platzverweis. Einen Hattrick (3 Tore) erzielte Leon Windisch (GBF M\u00fcnchen), der auch in der U21 Nationalmannschaft mitspielt.<\/p>\n\n\n\n<p>Leider verletzte sich in der 80. Minute Nico Rahn und musste ins Krankenhaus eingeliefert werden. Wir alle vom DEAF Fu\u00dfball w\u00fcnschen ihm schnelle und gute Besserung.<\/p>\n\n\n\n<p>Das R\u00fcckspiel am Sonntag war genauso spannend wie das Hinspiel am Tag vorher, denn beide Mannschaften k\u00e4mpften hart um den Sieg. Nordost mehr im Angriff und die Bayern in der Abwehr mit schnellen Kontern.<\/p>\n\n\n\n<p>Am Ende f\u00fchrte Nordost und diese Auswahl hat nach vielen Jahren endlich die Bundesl\u00e4ndermeisterschaft 2022 erk\u00e4mpft.<\/p>\n\n\n\n<div class=\"wp-block-jetpack-slideshow aligncenter\" data-effect=\"slide\"><div class=\"wp-block-jetpack-slideshow_container swiper-container\"><ul class=\"wp-block-jetpack-slideshow_swiper-wrapper swiper-wrapper\"><li class=\"wp-block-jetpack-slideshow_slide swiper-slide\"><figure><img loading=\"lazy\" decoding=\"async\" width=\"1024\" height=\"684\" alt=\"\" class=\"wp-block-jetpack-slideshow_image wp-image-7061\" data-id=\"7061\" src=\"https:\/\/www.dgs-fussball.de\/wordpress\/wp-content\/uploads\/2022\/06\/U21-Meister-1024x684.jpg\" srcset=\"https:\/\/www.dgs-fussball.de\/wordpress\/wp-content\/uploads\/2022\/06\/U21-Meister-1024x684.jpg 1024w, https:\/\/www.dgs-fussball.de\/wordpress\/wp-content\/uploads\/2022\/06\/U21-Meister-300x200.jpg 300w, https:\/\/www.dgs-fussball.de\/wordpress\/wp-content\/uploads\/2022\/06\/U21-Meister-768x513.jpg 768w, https:\/\/www.dgs-fussball.de\/wordpress\/wp-content\/uploads\/2022\/06\/U21-Meister-1536x1027.jpg 1536w, https:\/\/www.dgs-fussball.de\/wordpress\/wp-content\/uploads\/2022\/06\/U21-Meister.jpg 1616w\" sizes=\"auto, (max-width: 1024px) 100vw, 1024px\" \/><figcaption class=\"wp-block-jetpack-slideshow_caption gallery-caption\">1. Platz Nordost<\/figcaption><\/figure><\/li><li class=\"wp-block-jetpack-slideshow_slide swiper-slide\"><figure><img loading=\"lazy\" decoding=\"async\" width=\"1024\" height=\"684\" alt=\"\" class=\"wp-block-jetpack-slideshow_image wp-image-7059\" data-id=\"7059\" src=\"https:\/\/www.dgs-fussball.de\/wordpress\/wp-content\/uploads\/2022\/06\/U21-Vizemeister-1024x684.jpg\" srcset=\"https:\/\/www.dgs-fussball.de\/wordpress\/wp-content\/uploads\/2022\/06\/U21-Vizemeister-1024x684.jpg 1024w, https:\/\/www.dgs-fussball.de\/wordpress\/wp-content\/uploads\/2022\/06\/U21-Vizemeister-300x200.jpg 300w, https:\/\/www.dgs-fussball.de\/wordpress\/wp-content\/uploads\/2022\/06\/U21-Vizemeister-768x513.jpg 768w, https:\/\/www.dgs-fussball.de\/wordpress\/wp-content\/uploads\/2022\/06\/U21-Vizemeister-1536x1027.jpg 1536w, https:\/\/www.dgs-fussball.de\/wordpress\/wp-content\/uploads\/2022\/06\/U21-Vizemeister.jpg 1616w\" sizes=\"auto, (max-width: 1024px) 100vw, 1024px\" \/><figcaption class=\"wp-block-jetpack-slideshow_caption gallery-caption\">2. Platz Bayern<\/figcaption><\/figure><\/li><li class=\"wp-block-jetpack-slideshow_slide swiper-slide\"><figure><img loading=\"lazy\" decoding=\"async\" width=\"846\" height=\"699\" alt=\"\" class=\"wp-block-jetpack-slideshow_image wp-image-7060\" data-id=\"7060\" src=\"https:\/\/www.dgs-fussball.de\/wordpress\/wp-content\/uploads\/2022\/06\/U21-Torschuetze-.jpg\" srcset=\"https:\/\/www.dgs-fussball.de\/wordpress\/wp-content\/uploads\/2022\/06\/U21-Torschuetze-.jpg 846w, https:\/\/www.dgs-fussball.de\/wordpress\/wp-content\/uploads\/2022\/06\/U21-Torschuetze--300x248.jpg 300w, https:\/\/www.dgs-fussball.de\/wordpress\/wp-content\/uploads\/2022\/06\/U21-Torschuetze--768x635.jpg 768w\" sizes=\"auto, (max-width: 846px) 100vw, 846px\" \/><figcaption class=\"wp-block-jetpack-slideshow_caption gallery-caption\">bester Torsch\u00fctze<\/figcaption><\/figure><\/li><li class=\"wp-block-jetpack-slideshow_slide swiper-slide\"><figure><img loading=\"lazy\" decoding=\"async\" width=\"1024\" height=\"749\" alt=\"\" class=\"wp-block-jetpack-slideshow_image wp-image-7062\" data-id=\"7062\" src=\"https:\/\/www.dgs-fussball.de\/wordpress\/wp-content\/uploads\/2022\/06\/U21-Bester-Torhueter-1024x749.jpg\" srcset=\"https:\/\/www.dgs-fussball.de\/wordpress\/wp-content\/uploads\/2022\/06\/U21-Bester-Torhueter-1024x749.jpg 1024w, https:\/\/www.dgs-fussball.de\/wordpress\/wp-content\/uploads\/2022\/06\/U21-Bester-Torhueter-300x219.jpg 300w, https:\/\/www.dgs-fussball.de\/wordpress\/wp-content\/uploads\/2022\/06\/U21-Bester-Torhueter-768x562.jpg 768w, https:\/\/www.dgs-fussball.de\/wordpress\/wp-content\/uploads\/2022\/06\/U21-Bester-Torhueter.jpg 1032w\" sizes=\"auto, (max-width: 1024px) 100vw, 1024px\" \/><figcaption class=\"wp-block-jetpack-slideshow_caption gallery-caption\">bester Torwart<\/figcaption><\/figure><\/li><li class=\"wp-block-jetpack-slideshow_slide swiper-slide\"><figure><img loading=\"lazy\" decoding=\"async\" width=\"744\" height=\"744\" alt=\"\" class=\"wp-block-jetpack-slideshow_image wp-image-7063\" data-id=\"7063\" src=\"https:\/\/www.dgs-fussball.de\/wordpress\/wp-content\/uploads\/2022\/06\/U21-Bester-Spieler.jpg\" srcset=\"https:\/\/www.dgs-fussball.de\/wordpress\/wp-content\/uploads\/2022\/06\/U21-Bester-Spieler.jpg 744w, https:\/\/www.dgs-fussball.de\/wordpress\/wp-content\/uploads\/2022\/06\/U21-Bester-Spieler-300x300.jpg 300w, https:\/\/www.dgs-fussball.de\/wordpress\/wp-content\/uploads\/2022\/06\/U21-Bester-Spieler-150x150.jpg 150w, https:\/\/www.dgs-fussball.de\/wordpress\/wp-content\/uploads\/2022\/06\/U21-Bester-Spieler-90x90.jpg 90w, https:\/\/www.dgs-fussball.de\/wordpress\/wp-content\/uploads\/2022\/06\/U21-Bester-Spieler-75x75.jpg 75w, https:\/\/www.dgs-fussball.de\/wordpress\/wp-content\/uploads\/2022\/06\/U21-Bester-Spieler-50x50.jpg 50w\" sizes=\"auto, (max-width: 744px) 100vw, 744px\" \/><figcaption class=\"wp-block-jetpack-slideshow_caption gallery-caption\">bester Spieler<\/figcaption><\/figure><\/li><\/ul><a class=\"wp-block-jetpack-slideshow_button-prev swiper-button-prev swiper-button-white\" role=\"button\"><\/a><a class=\"wp-block-jetpack-slideshow_button-next swiper-button-next swiper-button-white\" role=\"button\"><\/a><a aria-label=\"Pause Slideshow\" class=\"wp-block-jetpack-slideshow_button-pause\" role=\"button\"><\/a><div class=\"wp-block-jetpack-slideshow_pagination swiper-pagination swiper-pagination-white\"><\/div><\/div><\/div>\n\n\n\n<div data-wp-interactive=\"core\/file\" class=\"wp-block-file\"><object data-wp-bind--hidden=\"!state.hasPdfPreview\" hidden class=\"wp-block-file__embed\" data=\"https:\/\/www.dgs-fussball.de\/wordpress\/wp-content\/uploads\/2022\/06\/BLM-U21-2022-Tabelle-und-Torschuetze.pdf\" type=\"application\/pdf\" style=\"width:100%;height:600px\" aria-label=\"Einbettung von Einbettung von BLM-U21-2022-Tabelle-und-Torschuetze..\"><\/object><a id=\"wp-block-file--media-08ed4339-1e07-4e32-ad13-277865fc035f\" href=\"https:\/\/www.dgs-fussball.de\/wordpress\/wp-content\/uploads\/2022\/06\/BLM-U21-2022-Tabelle-und-Torschuetze.pdf\" target=\"_blank\" rel=\"noreferrer noopener\">BLM-U21-2022-Tabelle-und-Torschuetze<\/a><a href=\"https:\/\/www.dgs-fussball.de\/wordpress\/wp-content\/uploads\/2022\/06\/BLM-U21-2022-Tabelle-und-Torschuetze.pdf\" class=\"wp-block-file__button\" download aria-describedby=\"wp-block-file--media-08ed4339-1e07-4e32-ad13-277865fc035f\">Herunterladen<\/a><\/div>\n\n\n\n<div data-wp-interactive=\"core\/file\" class=\"wp-block-file\"><object data-wp-bind--hidden=\"!state.hasPdfPreview\" hidden class=\"wp-block-file__embed\" data=\"https:\/\/www.dgs-fussball.de\/wordpress\/wp-content\/uploads\/2022\/06\/BLM-U21-2022-Ergebnis-Aufstellungeinzeleig.pdf\" type=\"application\/pdf\" style=\"width:100%;height:600px\" aria-label=\"Einbettung von Einbettung von BLM-U21-2022-Ergebnis-Aufstellungeinzeleig..\"><\/object><a id=\"wp-block-file--media-0dd400d1-9854-48ed-8754-bc7b8a2b7ce2\" href=\"https:\/\/www.dgs-fussball.de\/wordpress\/wp-content\/uploads\/2022\/06\/BLM-U21-2022-Ergebnis-Aufstellungeinzeleig.pdf\" target=\"_blank\" rel=\"noreferrer noopener\">BLM-U21-2022-Ergebnis-Aufstellungeinzeleig<\/a><a href=\"https:\/\/www.dgs-fussball.de\/wordpress\/wp-content\/uploads\/2022\/06\/BLM-U21-2022-Ergebnis-Aufstellungeinzeleig.pdf\" class=\"wp-block-file__button\" download aria-describedby=\"wp-block-file--media-0dd400d1-9854-48ed-8754-bc7b8a2b7ce2\">Herunterladen<\/a><\/div>\n\n\n\n<p><\/p>\n\n\n\n<p><strong>Abschluss<\/strong><\/p>\n\n\n\n<p>Vielen Dank und ein gro\u00dfes Lob an die Ausrichter des GSV Braunschweig f\u00fcr die gute Planung und sorgf\u00e4ltige Vorbereitung. Es war ein erfolgreiches Turnier.<\/p>\n","protected":false},"excerpt":{"rendered":"<p>Kleinfeld &#8211; Meisterschaft der U15 Die U15 konnte erst um 14:00 Uhr beginnen. Viele kleine Sportler nahmen auch in anderen Disziplinen, z.B. Leichtathletik an den BJT teil. Die U15 Mannschaft des Berliner SC Comet kam sp\u00e4ter an, der der Zug ausfiel und wir danken allen anderen Vereinen daf\u00fcr, dass sie einverstanden waren die Spielzeit nach hinten zu verlegen. Die ungeschlagene<\/p>\n","protected":false},"author":3,"featured_media":0,"comment_status":"closed","ping_status":"closed","sticky":false,"template":"","format":"standard","meta":{"ngg_post_thumbnail":0,"footnotes":""},"categories":[16],"tags":[],"class_list":["post-7047","post","type-post","status-publish","format-standard","hentry","category-dm-jugend-kleinfeld"],"_links":{"self":[{"href":"https:\/\/www.dgs-fussball.de\/index.php?rest_route=\/wp\/v2\/posts\/7047","targetHints":{"allow":["GET"]}}],"collection":[{"href":"https:\/\/www.dgs-fussball.de\/index.php?rest_route=\/wp\/v2\/posts"}],"about":[{"href":"https:\/\/www.dgs-fussball.de\/index.php?rest_route=\/wp\/v2\/types\/post"}],"author":[{"embeddable":true,"href":"https:\/\/www.dgs-fussball.de\/index.php?rest_route=\/wp\/v2\/users\/3"}],"replies":[{"embeddable":true,"href":"https:\/\/www.dgs-fussball.de\/index.php?rest_route=%2Fwp%2Fv2%2Fcomments&post=7047"}],"version-history":[{"count":2,"href":"https:\/\/www.dgs-fussball.de\/index.php?rest_route=\/wp\/v2\/posts\/7047\/revisions"}],"predecessor-version":[{"id":7070,"href":"https:\/\/www.dgs-fussball.de\/index.php?rest_route=\/wp\/v2\/posts\/7047\/revisions\/7070"}],"wp:attachment":[{"href":"https:\/\/www.dgs-fussball.de\/index.php?rest_route=%2Fwp%2Fv2%2Fmedia&parent=7047"}],"wp:term":[{"taxonomy":"category","embeddable":true,"href":"https:\/\/www.dgs-fussball.de\/index.php?rest_route=%2Fwp%2Fv2%2Fcategories&post=7047"},{"taxonomy":"post_tag","embeddable":true,"href":"https:\/\/www.dgs-fussball.de\/index.php?rest_route=%2Fwp%2Fv2%2Ftags&post=7047"}],"curies":[{"name":"wp","href":"https:\/\/api.w.org\/{rel}","templated":true}]}}