{"id":7575,"date":"2023-03-27T07:57:29","date_gmt":"2023-03-27T06:57:29","guid":{"rendered":"https:\/\/www.dgs-fussball.de\/?p=7575"},"modified":"2023-05-09T11:04:46","modified_gmt":"2023-05-09T10:04:46","slug":"ausschreibung-deutsche-gehoerlosen-meisterschaft-auf-kleinfeld-fuer-u15-ue32-ue40-und-cup-u21-am-01-07-2023-in-frankfurt-am-main","status":"publish","type":"post","link":"https:\/\/www.dgs-fussball.de\/?p=7575","title":{"rendered":"Ausschreibung Deutsche Geh\u00f6rlosen Meisterschaft auf Kleinfeld f\u00fcr U15, \u00dc32, \u00dc40 und Cup U21 am 01.07.2023 in Frankfurt am Main"},"content":{"rendered":"<div class=\"wp-block-image\">\n<figure class=\"aligncenter size-large\"><a href=\"https:\/\/www.dgs-fussball.de\/wordpress\/wp-content\/uploads\/2023\/05\/DM-Kleinfeld_2023_U15-U21-Ue32-Ue40-scaled.jpg\" target=\"_blank\" rel=\"noreferrer noopener\"><img loading=\"lazy\" decoding=\"async\" width=\"724\" height=\"1024\" src=\"https:\/\/www.dgs-fussball.de\/wordpress\/wp-content\/uploads\/2023\/05\/DM-Kleinfeld_2023_U15-U21-Ue32-Ue40-724x1024.jpg\" alt=\"\" class=\"wp-image-7662\" srcset=\"https:\/\/www.dgs-fussball.de\/wordpress\/wp-content\/uploads\/2023\/05\/DM-Kleinfeld_2023_U15-U21-Ue32-Ue40-724x1024.jpg 724w, https:\/\/www.dgs-fussball.de\/wordpress\/wp-content\/uploads\/2023\/05\/DM-Kleinfeld_2023_U15-U21-Ue32-Ue40-212x300.jpg 212w, https:\/\/www.dgs-fussball.de\/wordpress\/wp-content\/uploads\/2023\/05\/DM-Kleinfeld_2023_U15-U21-Ue32-Ue40-768x1086.jpg 768w, https:\/\/www.dgs-fussball.de\/wordpress\/wp-content\/uploads\/2023\/05\/DM-Kleinfeld_2023_U15-U21-Ue32-Ue40-1086x1536.jpg 1086w, https:\/\/www.dgs-fussball.de\/wordpress\/wp-content\/uploads\/2023\/05\/DM-Kleinfeld_2023_U15-U21-Ue32-Ue40-1448x2048.jpg 1448w, https:\/\/www.dgs-fussball.de\/wordpress\/wp-content\/uploads\/2023\/05\/DM-Kleinfeld_2023_U15-U21-Ue32-Ue40-scaled.jpg 1810w\" sizes=\"auto, (max-width: 724px) 100vw, 724px\" \/><\/a><\/figure>\n<\/div>\n\n\n<p>Hallo ihr lieben Fu\u00dfball-Freunde,<\/p>\n\n\n\n<p>hiermit sende ich euch heute f\u00fcr Deutschen Geh\u00f6rlosen Kleinfeldmeisterschaft 2023 in Frankfurt a.M.<\/p>\n\n\n\n<ul class=\"wp-block-list\">\n<li>DGKF U15<\/li>\n\n\n\n<li>DGKF \u00dc32<\/li>\n\n\n\n<li>DGKF \u00dc40<\/li>\n\n\n\n<li>U21, Offene Deutsche Geh\u00f6rlosen Kleinfeld Cup (Pokal)<\/li>\n<\/ul>\n\n\n\n<p>Wir hoffen eine zahlreiche Mannschaft anmelden nach dem Saisonschluss 2022\/23. Besonders ist eine Freude wiederzusehen nach dem DM-Futsal 2023. Falls Fragen, sind wir bereit zu beantworten.<\/p>\n\n\n\n<p>Mit sportlichen Gr\u00fc\u00dfen<\/p>\n\n\n\n<p>Mathias Tamm und Dawid Adrian<br>Technischer Leiter Jugend und Senioren<br>Sparte Fu\u00dfball<\/p>\n\n\n\n<figure class=\"wp-block-image is-resized\"><img loading=\"lazy\" decoding=\"async\" src=\"https:\/\/mail.google.com\/mail\/u\/0?ui=2&amp;ik=2526a82967&amp;attid=0.1&amp;permmsgid=msg-f:1761060366698227678&amp;th=18708b12b11127de&amp;view=fimg&amp;fur=ip&amp;sz=s0-l75-ft&amp;attbid=ANGjdJ9Pb8CZuzdwq4VMgIx2dG4kCBLSJeyKzP5ybmmA62Aw7XSVUROlDQV0UQVdHmTwlrA0QtETfgCSR4J523Hv6_cfWLwxkhjJvZLrwugTMYYDSaojbdU5aUDdB1c&amp;disp=emb\" alt=\"\" width=\"147\" height=\"61\"\/><\/figure>\n\n\n\n<p>Deutscher Geh\u00f6rlosen-Sportverband e.V.<br><a rel=\"noreferrer noopener\" href=\"https:\/\/www.dgs-fussball.de\/\" target=\"_blank\">https:\/\/www.dgs-fussball.de<\/a><\/p>\n\n\n\n<div data-wp-interactive=\"core\/file\" class=\"wp-block-file\"><object data-wp-bind--hidden=\"!state.hasPdfPreview\" hidden class=\"wp-block-file__embed\" data=\"https:\/\/www.dgs-fussball.de\/wordpress\/wp-content\/uploads\/2023\/03\/Anmeldung-DGKF-in-Frankfurt.pdf\" type=\"application\/pdf\" style=\"width:100%;height:600px\" aria-label=\"Einbettung von Anmeldung-DGKF-in-Frankfurt.\"><\/object><a id=\"wp-block-file--media-e0cc7c71-e71e-46c9-a876-4b5898d4826f\" href=\"https:\/\/www.dgs-fussball.de\/wordpress\/wp-content\/uploads\/2023\/03\/Anmeldung-DGKF-in-Frankfurt.pdf\" target=\"_blank\" rel=\"noreferrer noopener\">Anmeldung-DGKF-in-Frankfurt<\/a><a href=\"https:\/\/www.dgs-fussball.de\/wordpress\/wp-content\/uploads\/2023\/03\/Anmeldung-DGKF-in-Frankfurt.pdf\" class=\"wp-block-file__button wp-element-button\" download aria-describedby=\"wp-block-file--media-e0cc7c71-e71e-46c9-a876-4b5898d4826f\">Herunterladen<\/a><\/div>\n\n\n\n<div data-wp-interactive=\"core\/file\" class=\"wp-block-file\"><object data-wp-bind--hidden=\"!state.hasPdfPreview\" hidden class=\"wp-block-file__embed\" data=\"https:\/\/www.dgs-fussball.de\/wordpress\/wp-content\/uploads\/2023\/03\/Frankfurt-2023-Ausschrreibung-DGKF-U15-und-Senioren-.pdf\" type=\"application\/pdf\" style=\"width:100%;height:600px\" aria-label=\"Einbettung von Frankfurt-2023-Ausschrreibung-DGKF-U15-und-Senioren-.\"><\/object><a id=\"wp-block-file--media-0f3a3889-8f04-4a53-9e0d-65e1cdd354c3\" href=\"https:\/\/www.dgs-fussball.de\/wordpress\/wp-content\/uploads\/2023\/03\/Frankfurt-2023-Ausschrreibung-DGKF-U15-und-Senioren-.pdf\" target=\"_blank\" rel=\"noreferrer noopener\">Frankfurt-2023-Ausschrreibung-DGKF-U15-und-Senioren-<\/a><a href=\"https:\/\/www.dgs-fussball.de\/wordpress\/wp-content\/uploads\/2023\/03\/Frankfurt-2023-Ausschrreibung-DGKF-U15-und-Senioren-.pdf\" class=\"wp-block-file__button wp-element-button\" download aria-describedby=\"wp-block-file--media-0f3a3889-8f04-4a53-9e0d-65e1cdd354c3\">Herunterladen<\/a><\/div>\n\n\n\n<div data-wp-interactive=\"core\/file\" class=\"wp-block-file\"><object data-wp-bind--hidden=\"!state.hasPdfPreview\" hidden class=\"wp-block-file__embed\" data=\"https:\/\/www.dgs-fussball.de\/wordpress\/wp-content\/uploads\/2023\/03\/DKFCup-2023-U21-Ausschreibung-in-Frankfurt.pdf\" type=\"application\/pdf\" style=\"width:100%;height:600px\" aria-label=\"Einbettung von DKFCup-2023-U21-Ausschreibung-in-Frankfurt.\"><\/object><a id=\"wp-block-file--media-0a7a1678-6fce-4b9b-bf52-ecc7e6b1e29e\" href=\"https:\/\/www.dgs-fussball.de\/wordpress\/wp-content\/uploads\/2023\/03\/DKFCup-2023-U21-Ausschreibung-in-Frankfurt.pdf\" target=\"_blank\" rel=\"noreferrer noopener\">DKFCup-2023-U21-Ausschreibung-in-Frankfurt<\/a><a href=\"https:\/\/www.dgs-fussball.de\/wordpress\/wp-content\/uploads\/2023\/03\/DKFCup-2023-U21-Ausschreibung-in-Frankfurt.pdf\" class=\"wp-block-file__button wp-element-button\" download aria-describedby=\"wp-block-file--media-0a7a1678-6fce-4b9b-bf52-ecc7e6b1e29e\">Herunterladen<\/a><\/div>\n\n\n\n<p><\/p>\n","protected":false},"excerpt":{"rendered":"<p>Hallo ihr lieben Fu\u00dfball-Freunde, hiermit sende ich euch heute f\u00fcr Deutschen Geh\u00f6rlosen Kleinfeldmeisterschaft 2023 in Frankfurt a.M. Wir hoffen eine zahlreiche Mannschaft anmelden nach dem Saisonschluss 2022\/23. Besonders ist eine Freude wiederzusehen nach dem DM-Futsal 2023. Falls Fragen, sind wir bereit zu beantworten. Mit sportlichen Gr\u00fc\u00dfen Mathias Tamm und Dawid AdrianTechnischer Leiter Jugend und SeniorenSparte Fu\u00dfball Deutscher Geh\u00f6rlosen-Sportverband e.V.https:\/\/www.dgs-fussball.de<\/p>\n","protected":false},"author":3,"featured_media":0,"comment_status":"closed","ping_status":"closed","sticky":false,"template":"","format":"standard","meta":{"ngg_post_thumbnail":0,"footnotes":""},"categories":[1,16,12],"tags":[],"class_list":["post-7575","post","type-post","status-publish","format-standard","hentry","category-allgemein","category-dm-jugend-kleinfeld","category-dm-senioren-kleinfeld"],"_links":{"self":[{"href":"https:\/\/www.dgs-fussball.de\/index.php?rest_route=\/wp\/v2\/posts\/7575","targetHints":{"allow":["GET"]}}],"collection":[{"href":"https:\/\/www.dgs-fussball.de\/index.php?rest_route=\/wp\/v2\/posts"}],"about":[{"href":"https:\/\/www.dgs-fussball.de\/index.php?rest_route=\/wp\/v2\/types\/post"}],"author":[{"embeddable":true,"href":"https:\/\/www.dgs-fussball.de\/index.php?rest_route=\/wp\/v2\/users\/3"}],"replies":[{"embeddable":true,"href":"https:\/\/www.dgs-fussball.de\/index.php?rest_route=%2Fwp%2Fv2%2Fcomments&post=7575"}],"version-history":[{"count":2,"href":"https:\/\/www.dgs-fussball.de\/index.php?rest_route=\/wp\/v2\/posts\/7575\/revisions"}],"predecessor-version":[{"id":7663,"href":"https:\/\/www.dgs-fussball.de\/index.php?rest_route=\/wp\/v2\/posts\/7575\/revisions\/7663"}],"wp:attachment":[{"href":"https:\/\/www.dgs-fussball.de\/index.php?rest_route=%2Fwp%2Fv2%2Fmedia&parent=7575"}],"wp:term":[{"taxonomy":"category","embeddable":true,"href":"https:\/\/www.dgs-fussball.de\/index.php?rest_route=%2Fwp%2Fv2%2Fcategories&post=7575"},{"taxonomy":"post_tag","embeddable":true,"href":"https:\/\/www.dgs-fussball.de\/index.php?rest_route=%2Fwp%2Fv2%2Ftags&post=7575"}],"curies":[{"name":"wp","href":"https:\/\/api.w.org\/{rel}","templated":true}]}}