{"id":768,"date":"2012-07-14T00:02:09","date_gmt":"2012-07-13T22:02:09","guid":{"rendered":"http:\/\/www.dgs-fussball.de\/?p=768"},"modified":"2012-07-14T00:02:09","modified_gmt":"2012-07-13T22:02:09","slug":"ausschreibung-grosfeld-dm-20122013-der-jugend-kleinfeld-dm-2012-der-jugend","status":"publish","type":"post","link":"https:\/\/www.dgs-fussball.de\/?p=768","title":{"rendered":"Ausschreibung Gro\u00dffeld-DM 2012\/2013 der Jugend + Kleinfeld-DM 2012 der Jugend"},"content":{"rendered":"<p style=\"text-align: center;\">Liebe Landes- \/ Regionenfachwarte,<\/p>\n<p>ich schicke euch die Ausschreibung der Gro\u00dffeld-DM 2012\/2013 der Jugend und Kleinfeld-DM 2012. Ich bitte euch, an &#8222;eure&#8220; Vereine weiterzuleiten.<\/p>\n<p style=\"text-align: center;\">Es ist m\u00f6glich f\u00fcr Kleinfeld und Gro\u00dffeld auf einen Anmeldeformular auszuf\u00fcllen!!<\/p>\n<p>Mit sportlichen Gr\u00fc\u00dfen<\/p>\n<p>Benjamin Heymel<br \/>\nDeutscher Geh\u00f6rlosen Sportverband<br \/>\nTechnischer Leiter Jugend der Sparte Fussball<\/p>\n<p style=\"text-align: center;\"><strong>Anlagen:<\/strong><br \/>\n<a href=\"https:\/\/www.dgs-fussball.de\/wordpress\/wp-content\/uploads\/2012\/07\/Ausschreibung-Grossfeld.pdf\">Ausschreibung Gro\u00dffeld<\/a><br \/>\n<a href=\"https:\/\/www.dgs-fussball.de\/wordpress\/wp-content\/uploads\/2012\/07\/AusschreibungKleinfeld.pdf\">Ausschreibung Kleinfeld<\/a><br \/>\n<a href=\"https:\/\/www.dgs-fussball.de\/wordpress\/wp-content\/uploads\/2012\/07\/Merkblatt-f\u00fcr-alle-TeilnehmerGrossfeld.pdf\">Merkblatt f\u00fcr alle Teilnehmer Gro\u00dffeld<\/a><br \/>\n<a href=\"https:\/\/www.dgs-fussball.de\/wordpress\/wp-content\/uploads\/2012\/07\/Antrag-SpielgemeinschaftGrossfeld.pdf\">Antrag Spielgemeinschaft Gro\u00dffeld<\/a><br \/>\n<a href=\"https:\/\/www.dgs-fussball.de\/wordpress\/wp-content\/uploads\/2012\/07\/Anmeldungsformular.doc\">Anmeldungsformular<\/a><\/p>\n","protected":false},"excerpt":{"rendered":"<p>Liebe Landes- \/ Regionenfachwarte, ich schicke euch die Ausschreibung der Gro\u00dffeld-DM 2012\/2013 der Jugend und Kleinfeld-DM 2012. Ich bitte euch, an &#8222;eure&#8220; Vereine weiterzuleiten. Es ist m\u00f6glich f\u00fcr Kleinfeld und Gro\u00dffeld auf einen Anmeldeformular auszuf\u00fcllen!! Mit sportlichen Gr\u00fc\u00dfen Benjamin Heymel Deutscher Geh\u00f6rlosen Sportverband Technischer Leiter Jugend der Sparte Fussball Anlagen: Ausschreibung Gro\u00dffeld Ausschreibung Kleinfeld Merkblatt f\u00fcr alle Teilnehmer Gro\u00dffeld Antrag<\/p>\n","protected":false},"author":1,"featured_media":0,"comment_status":"closed","ping_status":"closed","sticky":false,"template":"","format":"standard","meta":{"ngg_post_thumbnail":0,"footnotes":""},"categories":[15,16],"tags":[],"class_list":["post-768","post","type-post","status-publish","format-standard","hentry","category-dm-jugend-grosfeld","category-dm-jugend-kleinfeld"],"_links":{"self":[{"href":"https:\/\/www.dgs-fussball.de\/index.php?rest_route=\/wp\/v2\/posts\/768","targetHints":{"allow":["GET"]}}],"collection":[{"href":"https:\/\/www.dgs-fussball.de\/index.php?rest_route=\/wp\/v2\/posts"}],"about":[{"href":"https:\/\/www.dgs-fussball.de\/index.php?rest_route=\/wp\/v2\/types\/post"}],"author":[{"embeddable":true,"href":"https:\/\/www.dgs-fussball.de\/index.php?rest_route=\/wp\/v2\/users\/1"}],"replies":[{"embeddable":true,"href":"https:\/\/www.dgs-fussball.de\/index.php?rest_route=%2Fwp%2Fv2%2Fcomments&post=768"}],"version-history":[{"count":2,"href":"https:\/\/www.dgs-fussball.de\/index.php?rest_route=\/wp\/v2\/posts\/768\/revisions"}],"predecessor-version":[{"id":775,"href":"https:\/\/www.dgs-fussball.de\/index.php?rest_route=\/wp\/v2\/posts\/768\/revisions\/775"}],"wp:attachment":[{"href":"https:\/\/www.dgs-fussball.de\/index.php?rest_route=%2Fwp%2Fv2%2Fmedia&parent=768"}],"wp:term":[{"taxonomy":"category","embeddable":true,"href":"https:\/\/www.dgs-fussball.de\/index.php?rest_route=%2Fwp%2Fv2%2Fcategories&post=768"},{"taxonomy":"post_tag","embeddable":true,"href":"https:\/\/www.dgs-fussball.de\/index.php?rest_route=%2Fwp%2Fv2%2Ftags&post=768"}],"curies":[{"name":"wp","href":"https:\/\/api.w.org\/{rel}","templated":true}]}}