{"id":7732,"date":"2023-06-17T20:07:08","date_gmt":"2023-06-17T19:07:08","guid":{"rendered":"https:\/\/www.dgs-fussball.de\/?p=7732"},"modified":"2023-06-20T21:16:04","modified_gmt":"2023-06-20T20:16:04","slug":"gehoerlosen-nationalmannschaft-braucht-eure-hilfe","status":"publish","type":"post","link":"https:\/\/www.dgs-fussball.de\/?p=7732","title":{"rendered":"Geh\u00f6rlosen Nationalmannschaft braucht eure Hilfe&#8230;"},"content":{"rendered":"\n<figure class=\"wp-block-image size-full is-resized\"><a href=\"https:\/\/www.dgs-fussball.de\/wordpress\/wp-content\/uploads\/2023\/06\/Crowfunding-Nationalmannschaft.jpeg\" target=\"_blank\" rel=\"noopener\"><img loading=\"lazy\" decoding=\"async\" src=\"https:\/\/www.dgs-fussball.de\/wordpress\/wp-content\/uploads\/2023\/06\/Crowfunding-Nationalmannschaft.jpeg\" alt=\"\" class=\"wp-image-7755\" width=\"889\" height=\"659\" srcset=\"https:\/\/www.dgs-fussball.de\/wordpress\/wp-content\/uploads\/2023\/06\/Crowfunding-Nationalmannschaft.jpeg 746w, https:\/\/www.dgs-fussball.de\/wordpress\/wp-content\/uploads\/2023\/06\/Crowfunding-Nationalmannschaft-300x222.jpeg 300w\" sizes=\"auto, (max-width: 889px) 100vw, 889px\" \/><\/a><\/figure>\n\n\n\n<p>>>> <a rel=\"noreferrer noopener\" href=\"https:\/\/www.gofundme.com\/f\/gehorlose-fussballnationalteam-braucht-eure-hilfe\" target=\"_blank\"><strong>Spendenkampagne von Jens Becker: Geh\u00f6rlosen Fu\u00dfball-Nationalteam braucht eure Hilfe (gofundme.com)<\/strong><\/a> &lt;&lt;&lt;<\/p>\n\n\n\n\n\n<figure class=\"wp-block-video\"><video height=\"656\" style=\"aspect-ratio: 368 \/ 656;\" width=\"368\" controls src=\"https:\/\/www.dgs-fussball.de\/wordpress\/wp-content\/uploads\/2023\/06\/VID-20230620-WA0011-1.mp4\"><\/video><\/figure>\n\n\n\n<p>Hallo zusammen!<\/p>\n\n\n\n<p>Wir, die deutsche Geh\u00f6rlosen M\u00e4nner-Nationalmannschaft, sind f\u00fcr die Fu\u00dfball Weltmeisterschaften in Malaysia 2023 qualifiziert. Schon seit vielen Jahren sind wir bei s\u00e4mtlichen Turnieren mit dabei, auch mit viel Erfolg, wie man an dieser Auflistung sehen kann:<\/p>\n\n\n\n<p><span style=\"text-decoration: underline;\">Europameisterschaften:<\/span><\/p>\n\n\n\n<p>1. Platz EM 2003 in Torremolinos\/Spanien<\/p>\n\n\n\n<p>2. Platz 2019 in Heraklion\/Griechenland<\/p>\n\n\n\n<p><span style=\"text-decoration: underline;\">Deaflympics\/Olympiade:<\/span><\/p>\n\n\n\n<p>Gold 1931 in N\u00fcrnberg<\/p>\n\n\n\n<p>Silber 2001 in Rom\/Italien<\/p>\n\n\n\n<p>Bronze 2009 in Taipeh\/Taiwan<\/p>\n\n\n\n<p>Bronze 2013 in Sofia\/Bulgarien<\/p>\n\n\n\n<p>4. Platz 2021 in Caxias do Sul\/ Brasilien<\/p>\n\n\n\n<p><span style=\"text-decoration: underline;\">Weltmeisterschaften:<\/span><\/p>\n\n\n\n<p>Weltmeister 2008 in Patras\/ Griechenland<\/p>\n\n\n\n<p>Vize-Weltmeister 2016 in Salerno\/Italien<br><\/p>\n\n\n\n<p>Nun steht in diesem Jahr im September der n\u00e4chste gro\u00dfe Wettbewerb bevor und somit ist das auch der Traum unserer Mannschaft woraufhin wir schon Jahre daran arbeiten. Die finanziellen Mittel von unserem Verband sind leider nur begrenzt und so k\u00f6nnen wir nur eingeschr\u00e4nkt auf diese Weltmeisterschaft hinarbeiten, da es uns an finanziellen Mitteln fehlt. Was fehlt uns und wie setzt sich das zusammen? Es ist ein Betrag in H\u00f6he von 15.000 Euro offen, damit wir bestens ger\u00fcstet in das Turnier gehen k\u00f6nnen.<\/p>\n\n\n\n<p>\u2022 Hotelkosten, Fl\u00fcge + Transport f\u00fcr einen weiteren (Athletik-) Trainer und einem Betreuer wie ebenso ein Mitarbeiter f\u00fcr die \u00d6ffentlichkeitsarbeit\/Medien.<\/p>\n\n\n\n<p>\u2022 Verpflegung und Lehrgangskosten f\u00fcr ein Lehrgang vor der WM<\/p>\n\n\n\n<p><strong>Aber alleine schaffen wir das nicht&#8230; jeder Euro z\u00e4hlt &#8211; unterst\u00fctze uns, unseren Traum zu verwirklichen!<\/strong><\/p>\n\n\n\n<p>Wichtige Information:  Sollte die Summe nicht bis zum gew\u00fcnschten Zeitpunkt erreicht werden, kommt das Geld der Herrenfu\u00dfball-Nationalmannschaft der Geh\u00f6rlosen (DGSV Fu\u00dfball Herren) zugute. Jeder, der spendet erkl\u00e4rt sich automatisch damit einverstanden.<\/p>\n\n\n\n<p>Unsere Erfolge:<\/p>\n\n\n\n<p><a href=\"https:\/\/dg-sv.de\/newspage.php?newsid=512\" target=\"_blank\" rel=\"noreferrer noopener\"><\/a><a href=\"https:\/\/dg-sv.de\/newspage.php?newsid=512\" target=\"_blank\" class=\"\" rel=\"noreferrer noopener\">https:\/\/dg-sv.de\/newspage.php?newsid=512<\/a>&nbsp;(Weltmeister 2008)<\/p>\n\n\n\n<p><a href=\"https:\/\/dg-sv.de\/newspage.php?newsid=1708\" target=\"_blank\" rel=\"noreferrer noopener\"><\/a><a href=\"https:\/\/dg-sv.de\/newspage.php?newsid=1708\" target=\"_blank\" class=\"\" rel=\"noreferrer noopener\">https:\/\/dg-sv.de\/newspage.php?newsid=1708<\/a>&nbsp;(Vize-Weltmeister 2016)<\/p>\n\n\n\n<p><a href=\"https:\/\/dg-sv.de\/newspage.php?newsid=1974\" target=\"_blank\" rel=\"noreferrer noopener\"><\/a><a href=\"https:\/\/dg-sv.de\/newspage.php?newsid=1974\" target=\"_blank\" class=\"\" rel=\"noreferrer noopener\">https:\/\/dg-sv.de\/newspage.php?newsid=1974<\/a>&nbsp;(Vize-Europameister 2019)<\/p>\n\n\n\n<p>Auf Instagram sind wir unter <a rel=\"noreferrer noopener\" href=\"https:\/\/www.instagram.com\/dgsv_fussball_futsal\/\" data-type=\"URL\" data-id=\"https:\/\/www.instagram.com\/dgsv_fussball_futsal\/\" target=\"_blank\">https:\/\/www.instagram.com\/dgsv_fussball_futsal\/<\/a> aktiv.<\/p>\n\n\n\n<p><br>Bei Fragen k\u00f6nnt ihr euch gerne an Nationalmannschaft-Teamleiter Jens Becker wenden unter: <a rel=\"noreferrer noopener\" href=\"https:\/\/dgs-fussball.de\/\" target=\"_blank\">jens.becker@dgs-fussball.de<\/a><\/p>\n","protected":false},"excerpt":{"rendered":"<p>>>> Spendenkampagne von Jens Becker: Geh\u00f6rlosen Fu\u00dfball-Nationalteam braucht eure Hilfe (gofundme.com) &lt;&lt;&lt; Hallo zusammen! Wir, die deutsche Geh\u00f6rlosen M\u00e4nner-Nationalmannschaft, sind f\u00fcr die Fu\u00dfball Weltmeisterschaften in Malaysia 2023 qualifiziert. Schon seit vielen Jahren sind wir bei s\u00e4mtlichen Turnieren mit dabei, auch mit viel Erfolg, wie man an dieser Auflistung sehen kann: Europameisterschaften: 1. Platz EM 2003 in Torremolinos\/Spanien 2. Platz 2019<\/p>\n","protected":false},"author":4,"featured_media":0,"comment_status":"closed","ping_status":"closed","sticky":false,"template":"","format":"standard","meta":{"ngg_post_thumbnail":0,"footnotes":""},"categories":[1,25],"tags":[],"class_list":["post-7732","post","type-post","status-publish","format-standard","hentry","category-allgemein","category-nationalmannschaft-fussball-maenner"],"_links":{"self":[{"href":"https:\/\/www.dgs-fussball.de\/index.php?rest_route=\/wp\/v2\/posts\/7732","targetHints":{"allow":["GET"]}}],"collection":[{"href":"https:\/\/www.dgs-fussball.de\/index.php?rest_route=\/wp\/v2\/posts"}],"about":[{"href":"https:\/\/www.dgs-fussball.de\/index.php?rest_route=\/wp\/v2\/types\/post"}],"author":[{"embeddable":true,"href":"https:\/\/www.dgs-fussball.de\/index.php?rest_route=\/wp\/v2\/users\/4"}],"replies":[{"embeddable":true,"href":"https:\/\/www.dgs-fussball.de\/index.php?rest_route=%2Fwp%2Fv2%2Fcomments&post=7732"}],"version-history":[{"count":8,"href":"https:\/\/www.dgs-fussball.de\/index.php?rest_route=\/wp\/v2\/posts\/7732\/revisions"}],"predecessor-version":[{"id":7772,"href":"https:\/\/www.dgs-fussball.de\/index.php?rest_route=\/wp\/v2\/posts\/7732\/revisions\/7772"}],"wp:attachment":[{"href":"https:\/\/www.dgs-fussball.de\/index.php?rest_route=%2Fwp%2Fv2%2Fmedia&parent=7732"}],"wp:term":[{"taxonomy":"category","embeddable":true,"href":"https:\/\/www.dgs-fussball.de\/index.php?rest_route=%2Fwp%2Fv2%2Fcategories&post=7732"},{"taxonomy":"post_tag","embeddable":true,"href":"https:\/\/www.dgs-fussball.de\/index.php?rest_route=%2Fwp%2Fv2%2Ftags&post=7732"}],"curies":[{"name":"wp","href":"https:\/\/api.w.org\/{rel}","templated":true}]}}