{"id":8237,"date":"2024-06-21T21:18:49","date_gmt":"2024-06-21T20:18:49","guid":{"rendered":"https:\/\/www.dgs-fussball.de\/?p=8237"},"modified":"2024-06-21T21:18:49","modified_gmt":"2024-06-21T20:18:49","slug":"u15-von-gsv-darmstadt-sueddeutscher-meister-2024-ergebnis-von-der-sueddeutsche-gehoerlosen-meisterschaft-auf-kleinfeld-vom-08-06-2024-in-bietigheim-bissingen","status":"publish","type":"post","link":"https:\/\/www.dgs-fussball.de\/?p=8237","title":{"rendered":"U15 von GSV Darmstadt S\u00fcddeutscher Meister 2024 &#8211; Ergebnis von der S\u00fcddeutsche Geh\u00f6rlosen Meisterschaft auf Kleinfeld vom 08.06.2024 in Bietigheim-Bissingen"},"content":{"rendered":"\n<p>Am 8. Juni 2024 fand die S\u00fcddeutsche Kleinfeld-Meisterschaft der U15 Jugend zeitgleich mit dem Sportfest aufgrund der 50j\u00e4hrigen Jubil\u00e4um vom Geh\u00f6rlosen-Sportverband Baden-W\u00fcrttemberg in Bietigheim-Bissingen statt. Es war ein Kopf an Kopf Rennen zwischen GSV Darmstadt und GSV W\u00fcrzburg, so das erst der Torverh\u00e4ltnis die Meisterschaft entschieden hat.<\/p>\n\n\n\n<p><\/p>\n\n\n\n<ol class=\"wp-block-list\">\n<li>Platz GSV Darmstadt<\/li>\n<\/ol>\n\n\n\n<figure class=\"wp-block-gallery has-nested-images columns-default is-cropped wp-block-gallery-1 is-layout-flex wp-block-gallery-is-layout-flex\">\n<figure class=\"wp-block-image size-large\"><a href=\"https:\/\/www.dgs-fussball.de\/wordpress\/wp-content\/uploads\/2024\/06\/WhatsApp-Image-2024-06-13-at-10.13.52.jpeg\"><img loading=\"lazy\" decoding=\"async\" width=\"1024\" height=\"576\" data-id=\"8239\" src=\"https:\/\/www.dgs-fussball.de\/wordpress\/wp-content\/uploads\/2024\/06\/WhatsApp-Image-2024-06-13-at-10.13.52-1024x576.jpeg\" alt=\"\" class=\"wp-image-8239\" srcset=\"https:\/\/www.dgs-fussball.de\/wordpress\/wp-content\/uploads\/2024\/06\/WhatsApp-Image-2024-06-13-at-10.13.52-1024x576.jpeg 1024w, https:\/\/www.dgs-fussball.de\/wordpress\/wp-content\/uploads\/2024\/06\/WhatsApp-Image-2024-06-13-at-10.13.52-300x169.jpeg 300w, https:\/\/www.dgs-fussball.de\/wordpress\/wp-content\/uploads\/2024\/06\/WhatsApp-Image-2024-06-13-at-10.13.52-768x432.jpeg 768w, https:\/\/www.dgs-fussball.de\/wordpress\/wp-content\/uploads\/2024\/06\/WhatsApp-Image-2024-06-13-at-10.13.52-1536x864.jpeg 1536w, https:\/\/www.dgs-fussball.de\/wordpress\/wp-content\/uploads\/2024\/06\/WhatsApp-Image-2024-06-13-at-10.13.52.jpeg 2048w\" sizes=\"auto, (max-width: 1024px) 100vw, 1024px\" \/><\/a><\/figure>\n<\/figure>\n\n\n\n<p>2. Platz GSV W\u00fcrzburg <\/p>\n\n\n\n<figure class=\"wp-block-gallery has-nested-images columns-default is-cropped wp-block-gallery-2 is-layout-flex wp-block-gallery-is-layout-flex\">\n<figure class=\"wp-block-image size-large\"><a href=\"https:\/\/www.dgs-fussball.de\/wordpress\/wp-content\/uploads\/2024\/06\/WhatsApp-Image-2024-06-13-at-10.11.49.jpeg\"><img loading=\"lazy\" decoding=\"async\" width=\"1024\" height=\"576\" data-id=\"8240\" src=\"https:\/\/www.dgs-fussball.de\/wordpress\/wp-content\/uploads\/2024\/06\/WhatsApp-Image-2024-06-13-at-10.11.49-1024x576.jpeg\" alt=\"\" class=\"wp-image-8240\" srcset=\"https:\/\/www.dgs-fussball.de\/wordpress\/wp-content\/uploads\/2024\/06\/WhatsApp-Image-2024-06-13-at-10.11.49-1024x576.jpeg 1024w, https:\/\/www.dgs-fussball.de\/wordpress\/wp-content\/uploads\/2024\/06\/WhatsApp-Image-2024-06-13-at-10.11.49-300x169.jpeg 300w, https:\/\/www.dgs-fussball.de\/wordpress\/wp-content\/uploads\/2024\/06\/WhatsApp-Image-2024-06-13-at-10.11.49-768x432.jpeg 768w, https:\/\/www.dgs-fussball.de\/wordpress\/wp-content\/uploads\/2024\/06\/WhatsApp-Image-2024-06-13-at-10.11.49-1536x864.jpeg 1536w, https:\/\/www.dgs-fussball.de\/wordpress\/wp-content\/uploads\/2024\/06\/WhatsApp-Image-2024-06-13-at-10.11.49.jpeg 2048w\" sizes=\"auto, (max-width: 1024px) 100vw, 1024px\" \/><\/a><\/figure>\n<\/figure>\n\n\n\n<p>3. Platz GBF M\u00fcnchen<\/p>\n\n\n\n<figure class=\"wp-block-gallery has-nested-images columns-default is-cropped wp-block-gallery-3 is-layout-flex wp-block-gallery-is-layout-flex\">\n<figure class=\"wp-block-image size-large\"><a href=\"https:\/\/www.dgs-fussball.de\/wordpress\/wp-content\/uploads\/2024\/06\/WhatsApp-Image-2024-06-13-at-10.12.51.jpeg\"><img loading=\"lazy\" decoding=\"async\" width=\"1024\" height=\"576\" data-id=\"8241\" src=\"https:\/\/www.dgs-fussball.de\/wordpress\/wp-content\/uploads\/2024\/06\/WhatsApp-Image-2024-06-13-at-10.12.51-1024x576.jpeg\" alt=\"\" class=\"wp-image-8241\" srcset=\"https:\/\/www.dgs-fussball.de\/wordpress\/wp-content\/uploads\/2024\/06\/WhatsApp-Image-2024-06-13-at-10.12.51-1024x576.jpeg 1024w, https:\/\/www.dgs-fussball.de\/wordpress\/wp-content\/uploads\/2024\/06\/WhatsApp-Image-2024-06-13-at-10.12.51-300x169.jpeg 300w, https:\/\/www.dgs-fussball.de\/wordpress\/wp-content\/uploads\/2024\/06\/WhatsApp-Image-2024-06-13-at-10.12.51-768x432.jpeg 768w, https:\/\/www.dgs-fussball.de\/wordpress\/wp-content\/uploads\/2024\/06\/WhatsApp-Image-2024-06-13-at-10.12.51-1536x864.jpeg 1536w, https:\/\/www.dgs-fussball.de\/wordpress\/wp-content\/uploads\/2024\/06\/WhatsApp-Image-2024-06-13-at-10.12.51.jpeg 2048w\" sizes=\"auto, (max-width: 1024px) 100vw, 1024px\" \/><\/a><\/figure>\n<\/figure>\n\n\n\n<h2 class=\"wp-block-heading\"><\/h2>\n\n\n\n<p>Torsch\u00fctzenk\u00f6nig: Malte Hopf mit 11 Toren (GSV W\u00fcrzburg)<\/p>\n\n\n\n<figure class=\"wp-block-gallery has-nested-images columns-default is-cropped wp-block-gallery-4 is-layout-flex wp-block-gallery-is-layout-flex\">\n<figure class=\"wp-block-image size-large\"><a href=\"https:\/\/www.dgs-fussball.de\/wordpress\/wp-content\/uploads\/2024\/06\/WhatsApp-Image-2024-06-13-at-10.15.38.jpeg\"><img loading=\"lazy\" decoding=\"async\" width=\"576\" height=\"1024\" data-id=\"8242\" src=\"https:\/\/www.dgs-fussball.de\/wordpress\/wp-content\/uploads\/2024\/06\/WhatsApp-Image-2024-06-13-at-10.15.38-576x1024.jpeg\" alt=\"\" class=\"wp-image-8242\" srcset=\"https:\/\/www.dgs-fussball.de\/wordpress\/wp-content\/uploads\/2024\/06\/WhatsApp-Image-2024-06-13-at-10.15.38-576x1024.jpeg 576w, https:\/\/www.dgs-fussball.de\/wordpress\/wp-content\/uploads\/2024\/06\/WhatsApp-Image-2024-06-13-at-10.15.38-169x300.jpeg 169w, https:\/\/www.dgs-fussball.de\/wordpress\/wp-content\/uploads\/2024\/06\/WhatsApp-Image-2024-06-13-at-10.15.38-768x1365.jpeg 768w, https:\/\/www.dgs-fussball.de\/wordpress\/wp-content\/uploads\/2024\/06\/WhatsApp-Image-2024-06-13-at-10.15.38-864x1536.jpeg 864w, https:\/\/www.dgs-fussball.de\/wordpress\/wp-content\/uploads\/2024\/06\/WhatsApp-Image-2024-06-13-at-10.15.38.jpeg 1152w\" sizes=\"auto, (max-width: 576px) 100vw, 576px\" \/><\/a><\/figure>\n<\/figure>\n\n\n\n<p>Bester Torwart: Timo Schneider (GBF M\u00fcnchen)<\/p>\n\n\n\n<figure class=\"wp-block-gallery has-nested-images columns-default is-cropped wp-block-gallery-5 is-layout-flex wp-block-gallery-is-layout-flex\">\n<figure class=\"wp-block-image size-large\"><a href=\"https:\/\/www.dgs-fussball.de\/wordpress\/wp-content\/uploads\/2024\/06\/WhatsApp-Image-2024-06-13-at-10.17.43.jpeg\"><img loading=\"lazy\" decoding=\"async\" width=\"576\" height=\"1024\" data-id=\"8243\" src=\"https:\/\/www.dgs-fussball.de\/wordpress\/wp-content\/uploads\/2024\/06\/WhatsApp-Image-2024-06-13-at-10.17.43-576x1024.jpeg\" alt=\"\" class=\"wp-image-8243\" srcset=\"https:\/\/www.dgs-fussball.de\/wordpress\/wp-content\/uploads\/2024\/06\/WhatsApp-Image-2024-06-13-at-10.17.43-576x1024.jpeg 576w, https:\/\/www.dgs-fussball.de\/wordpress\/wp-content\/uploads\/2024\/06\/WhatsApp-Image-2024-06-13-at-10.17.43-169x300.jpeg 169w, https:\/\/www.dgs-fussball.de\/wordpress\/wp-content\/uploads\/2024\/06\/WhatsApp-Image-2024-06-13-at-10.17.43-768x1365.jpeg 768w, https:\/\/www.dgs-fussball.de\/wordpress\/wp-content\/uploads\/2024\/06\/WhatsApp-Image-2024-06-13-at-10.17.43-864x1536.jpeg 864w, https:\/\/www.dgs-fussball.de\/wordpress\/wp-content\/uploads\/2024\/06\/WhatsApp-Image-2024-06-13-at-10.17.43.jpeg 1152w\" sizes=\"auto, (max-width: 576px) 100vw, 576px\" \/><\/a><\/figure>\n<\/figure>\n\n\n\n<p>Bester Spieler: Ahmed Alaoui Taki (GSV Darmstadt)<\/p>\n\n\n\n<figure class=\"wp-block-gallery has-nested-images columns-default is-cropped wp-block-gallery-6 is-layout-flex wp-block-gallery-is-layout-flex\">\n<figure class=\"wp-block-image size-large\"><a href=\"https:\/\/www.dgs-fussball.de\/wordpress\/wp-content\/uploads\/2024\/06\/WhatsApp-Image-2024-06-13-at-10.18.23.jpeg\"><img loading=\"lazy\" decoding=\"async\" width=\"576\" height=\"1024\" data-id=\"8244\" src=\"https:\/\/www.dgs-fussball.de\/wordpress\/wp-content\/uploads\/2024\/06\/WhatsApp-Image-2024-06-13-at-10.18.23-576x1024.jpeg\" alt=\"\" class=\"wp-image-8244\" srcset=\"https:\/\/www.dgs-fussball.de\/wordpress\/wp-content\/uploads\/2024\/06\/WhatsApp-Image-2024-06-13-at-10.18.23-576x1024.jpeg 576w, https:\/\/www.dgs-fussball.de\/wordpress\/wp-content\/uploads\/2024\/06\/WhatsApp-Image-2024-06-13-at-10.18.23-169x300.jpeg 169w, https:\/\/www.dgs-fussball.de\/wordpress\/wp-content\/uploads\/2024\/06\/WhatsApp-Image-2024-06-13-at-10.18.23-768x1365.jpeg 768w, https:\/\/www.dgs-fussball.de\/wordpress\/wp-content\/uploads\/2024\/06\/WhatsApp-Image-2024-06-13-at-10.18.23-864x1536.jpeg 864w, https:\/\/www.dgs-fussball.de\/wordpress\/wp-content\/uploads\/2024\/06\/WhatsApp-Image-2024-06-13-at-10.18.23.jpeg 1152w\" sizes=\"auto, (max-width: 576px) 100vw, 576px\" \/><\/a><\/figure>\n<\/figure>\n\n\n\n<h2 class=\"wp-block-heading\"><\/h2>\n\n\n\n<p>Alle Fotos: Marija Werner<\/p>\n\n\n\n<div class=\"wp-block-file\"><a id=\"wp-block-file--media-75c07177-299a-487a-9862-42f87ae5f6ba\" href=\"https:\/\/www.dgs-fussball.de\/wordpress\/wp-content\/uploads\/2024\/06\/Ergebnis-Sueddeutsche-Kleinfeldmeisterschaft-U15-2024.pdf\" target=\"_blank\" rel=\"noreferrer noopener\">Ergebnis-Sueddeutsche-Kleinfeldmeisterschaft-U15-2024<\/a><a href=\"https:\/\/www.dgs-fussball.de\/wordpress\/wp-content\/uploads\/2024\/06\/Ergebnis-Sueddeutsche-Kleinfeldmeisterschaft-U15-2024.pdf\" class=\"wp-block-file__button wp-element-button\" download aria-describedby=\"wp-block-file--media-75c07177-299a-487a-9862-42f87ae5f6ba\">Herunterladen<\/a><\/div>\n","protected":false},"excerpt":{"rendered":"<p>Am 8. Juni 2024 fand die S\u00fcddeutsche Kleinfeld-Meisterschaft der U15 Jugend zeitgleich mit dem Sportfest aufgrund der 50j\u00e4hrigen Jubil\u00e4um vom Geh\u00f6rlosen-Sportverband Baden-W\u00fcrttemberg in Bietigheim-Bissingen statt. Es war ein Kopf an Kopf Rennen zwischen GSV Darmstadt und GSV W\u00fcrzburg, so das erst der Torverh\u00e4ltnis die Meisterschaft entschieden hat. 2. Platz GSV W\u00fcrzburg 3. Platz GBF M\u00fcnchen Torsch\u00fctzenk\u00f6nig: Malte Hopf mit 11<\/p>\n","protected":false},"author":4,"featured_media":0,"comment_status":"closed","ping_status":"closed","sticky":false,"template":"","format":"standard","meta":{"ngg_post_thumbnail":0,"footnotes":""},"categories":[1,16],"tags":[],"class_list":["post-8237","post","type-post","status-publish","format-standard","hentry","category-allgemein","category-dm-jugend-kleinfeld"],"_links":{"self":[{"href":"https:\/\/www.dgs-fussball.de\/index.php?rest_route=\/wp\/v2\/posts\/8237","targetHints":{"allow":["GET"]}}],"collection":[{"href":"https:\/\/www.dgs-fussball.de\/index.php?rest_route=\/wp\/v2\/posts"}],"about":[{"href":"https:\/\/www.dgs-fussball.de\/index.php?rest_route=\/wp\/v2\/types\/post"}],"author":[{"embeddable":true,"href":"https:\/\/www.dgs-fussball.de\/index.php?rest_route=\/wp\/v2\/users\/4"}],"replies":[{"embeddable":true,"href":"https:\/\/www.dgs-fussball.de\/index.php?rest_route=%2Fwp%2Fv2%2Fcomments&post=8237"}],"version-history":[{"count":3,"href":"https:\/\/www.dgs-fussball.de\/index.php?rest_route=\/wp\/v2\/posts\/8237\/revisions"}],"predecessor-version":[{"id":8247,"href":"https:\/\/www.dgs-fussball.de\/index.php?rest_route=\/wp\/v2\/posts\/8237\/revisions\/8247"}],"wp:attachment":[{"href":"https:\/\/www.dgs-fussball.de\/index.php?rest_route=%2Fwp%2Fv2%2Fmedia&parent=8237"}],"wp:term":[{"taxonomy":"category","embeddable":true,"href":"https:\/\/www.dgs-fussball.de\/index.php?rest_route=%2Fwp%2Fv2%2Fcategories&post=8237"},{"taxonomy":"post_tag","embeddable":true,"href":"https:\/\/www.dgs-fussball.de\/index.php?rest_route=%2Fwp%2Fv2%2Ftags&post=8237"}],"curies":[{"name":"wp","href":"https:\/\/api.w.org\/{rel}","templated":true}]}}