{"id":8480,"date":"2024-12-19T22:42:08","date_gmt":"2024-12-19T21:42:08","guid":{"rendered":"https:\/\/www.dgs-fussball.de\/?p=8480"},"modified":"2024-12-20T16:39:15","modified_gmt":"2024-12-20T15:39:15","slug":"wiederbelebung-nach-22-jahren-deutsche-futsal-nationalmannschaft-der-gehoerlosen-feiert-comeback-1-lehrgang-mit-laenderspiel-gegen-die-schweiz","status":"publish","type":"post","link":"https:\/\/www.dgs-fussball.de\/?p=8480","title":{"rendered":"Wiederbelebung nach 22 Jahren: Deutsche Futsal-Nationalmannschaft der Geh\u00f6rlosen feiert Comeback \u2013 1. Lehrgang mit L\u00e4nderspiel gegen die Schweiz"},"content":{"rendered":"\n<h2 class=\"wp-block-heading\"><strong>22 Jahre sp\u00e4ter \u2013 ein historischer Tag f\u00fcr den deutschen Futsal der Geh\u00f6rlosen!<\/strong><\/h2>\n\n\n\n<figure class=\"wp-block-gallery has-nested-images columns-2 is-cropped wp-block-gallery-1 is-layout-flex wp-block-gallery-is-layout-flex\">\n<figure class=\"wp-block-image size-large\"><a href=\"https:\/\/www.dgs-fussball.de\/wordpress\/wp-content\/uploads\/2024\/12\/IMG_0719.jpeg\" target=\"_blank\"><img loading=\"lazy\" decoding=\"async\" width=\"926\" height=\"926\" data-id=\"8503\" src=\"https:\/\/www.dgs-fussball.de\/wordpress\/wp-content\/uploads\/2024\/12\/IMG_0719.jpeg\" alt=\"\" class=\"wp-image-8503\" srcset=\"https:\/\/www.dgs-fussball.de\/wordpress\/wp-content\/uploads\/2024\/12\/IMG_0719.jpeg 926w, https:\/\/www.dgs-fussball.de\/wordpress\/wp-content\/uploads\/2024\/12\/IMG_0719-300x300.jpeg 300w, https:\/\/www.dgs-fussball.de\/wordpress\/wp-content\/uploads\/2024\/12\/IMG_0719-150x150.jpeg 150w, https:\/\/www.dgs-fussball.de\/wordpress\/wp-content\/uploads\/2024\/12\/IMG_0719-768x768.jpeg 768w, https:\/\/www.dgs-fussball.de\/wordpress\/wp-content\/uploads\/2024\/12\/IMG_0719-90x90.jpeg 90w, https:\/\/www.dgs-fussball.de\/wordpress\/wp-content\/uploads\/2024\/12\/IMG_0719-75x75.jpeg 75w, https:\/\/www.dgs-fussball.de\/wordpress\/wp-content\/uploads\/2024\/12\/IMG_0719-50x50.jpeg 50w\" sizes=\"auto, (max-width: 926px) 100vw, 926px\" \/><\/a><figcaption class=\"wp-element-caption\">Deutschland<\/figcaption><\/figure>\n\n\n\n<figure class=\"wp-block-image size-large\"><a href=\"https:\/\/www.dgs-fussball.de\/wordpress\/wp-content\/uploads\/2024\/12\/IMG_0720.jpeg\" target=\"_blank\"><img loading=\"lazy\" decoding=\"async\" width=\"863\" height=\"863\" data-id=\"8504\" src=\"https:\/\/www.dgs-fussball.de\/wordpress\/wp-content\/uploads\/2024\/12\/IMG_0720.jpeg\" alt=\"\" class=\"wp-image-8504\" srcset=\"https:\/\/www.dgs-fussball.de\/wordpress\/wp-content\/uploads\/2024\/12\/IMG_0720.jpeg 863w, https:\/\/www.dgs-fussball.de\/wordpress\/wp-content\/uploads\/2024\/12\/IMG_0720-300x300.jpeg 300w, https:\/\/www.dgs-fussball.de\/wordpress\/wp-content\/uploads\/2024\/12\/IMG_0720-150x150.jpeg 150w, https:\/\/www.dgs-fussball.de\/wordpress\/wp-content\/uploads\/2024\/12\/IMG_0720-768x768.jpeg 768w, https:\/\/www.dgs-fussball.de\/wordpress\/wp-content\/uploads\/2024\/12\/IMG_0720-90x90.jpeg 90w, https:\/\/www.dgs-fussball.de\/wordpress\/wp-content\/uploads\/2024\/12\/IMG_0720-75x75.jpeg 75w, https:\/\/www.dgs-fussball.de\/wordpress\/wp-content\/uploads\/2024\/12\/IMG_0720-50x50.jpeg 50w\" sizes=\"auto, (max-width: 863px) 100vw, 863px\" \/><\/a><figcaption class=\"wp-element-caption\">Schweiz<\/figcaption><\/figure>\n<\/figure>\n\n\n\n<p>Das letzte Futsal-L\u00e4nderspiel der deutschen Herren-Nationalmannschaft der Geh\u00f6rlosen fand im <strong>November 2002<\/strong> bei der <strong>1. Futsal-Europameisterschaft<\/strong> in Sofia (Bulgarien) statt. Damals gewann Deutschland im Spiel um <strong>Platz 9 <\/strong>gegen Gro\u00dfbritannien mit 3:1 (2:0). Danach wurde die Nationalmannschaft aufgel\u00f6st. Zahlreiche Versuche, das Team wiederzubeleben, scheiterten aus verschiedenen Gr\u00fcnden \u2013 <strong>bis jetzt!<\/strong><\/p>\n\n\n\n<p>Im Jahr <strong>2024<\/strong> gelang es Teammanager <strong>David Becker<\/strong>, gemeinsam mit dem<strong> Verbandsfu\u00dfballwart Michael Scheffel und Technischen Leiter Herren Benjamin Heymel<\/strong>, die deutsche Futsal-Nationalmannschaft der Geh\u00f6rlosen erfolgreich wieder ins Leben zu rufen. Ein bemerkenswertes Projekt, das komplett eigenfinanziert ist und weder durch das BMI noch durch staatliche F\u00f6rderungen unterst\u00fctzt wird. Die Mannschaft ist somit auf <strong>Spenden, Sponsoring und finanzielle Unterst\u00fctzung<\/strong> von Stiftungen, Vereinen und Privatpersonen angewiesen.<\/p>\n\n\n\n<h3 class=\"wp-block-heading\">Kader<\/h3>\n\n\n\n<ol class=\"wp-block-list\">\n<li>Berg Nils-Fabian &#8211; GSV D\u00fcsseldorf<\/li>\n\n\n\n<li>Bicakoglu Nick Barik &#8211; GSV D\u00fcsseldorf<\/li>\n\n\n\n<li>Elezov Kevin &#8211; Real E Non Solo (Italien)<\/li>\n\n\n\n<li>Elezov Sevin &#8211; GTSV Frankfurt<\/li>\n\n\n\n<li>Gein Sergej &#8211; GTSV Frankfurt<\/li>\n\n\n\n<li>Hafner Thomas &#8211; GSV D\u00fcsseldorf<\/li>\n\n\n\n<li>Koral Teoman &#8211; GSV Heidelberg<\/li>\n\n\n\n<li>Lange Waldemar &#8211; GSV Heidelberg<\/li>\n\n\n\n<li>Reifegerste Nikolai &#8211; GTSV Frankfurt<\/li>\n\n\n\n<li>Schlechter Tayfun &#8211; GTSV Essen<\/li>\n\n\n\n<li>Stirnkorb Laurin &#8211; GSG Stuttgart<\/li>\n\n\n\n<li>Ziganner Bastian &#8211; GTSV Essen<\/li>\n<\/ol>\n\n\n\n<h3 class=\"wp-block-heading\"><strong>Erster Futsal-Lehrgang und L\u00e4nderspiel in Heidelberg<\/strong><\/h3>\n\n\n\n<p>Am <strong>14.12.2024 <\/strong>fand der <strong>1. Futsal-Lehrgang<\/strong> in Heidelberg statt, an dem alle <strong>12 nominierten Nationalspieler<\/strong> auf eigene Kosten teilnahmen. Da die Trainerfrage noch nicht endg\u00fcltig gekl\u00e4rt war, \u00fcbernahmen die <strong>Interimstrainer Anton Kniller und Torwarttrainer Cleiton Kunzler<\/strong> die Leitung des Lehrgangs. Beide sind DFB-U19-Futsal-St\u00fctzpunkttrainer und \u00fcberzeugten mit hoher Professionalit\u00e4t und Fachkompetenz.<\/p>\n\n\n\n<p>Der Tag begann um 9 Uhr mit einem gemeinsamen Treffen in der Sporthalle. Nach der Begr\u00fc\u00dfung durch Teammanager David Becker und einer kurzen Rede von Benjamin Heymel stellten sich Trainer und Spieler einander vor. Anschlie\u00dfend startete das Vormittagstraining, das bis 11:30 Uhr dauerte. Nach einem gemeinsamen Mittagessen in einem italienischen Restaurant nahe der Sporthalle kehrte das Team zur\u00fcck, wo auch die Schweizer Mannschaft eintraf.<\/p>\n\n\n\n<h3 class=\"wp-block-heading\"><strong>Das Comeback-L\u00e4nderspiel: Deutschland vs. Schweiz<\/strong><\/h3>\n\n\n\n<p>Um 14:30 Uhr war es so weit: Die deutsche Futsal-Nationalmannschaft der Geh\u00f6rlosen traf auf die Schweiz, den Vizeweltmeister von 2019. Vor rund <strong>100 Zuschauern in der Halle und \u00fcber 800 Zuschauern im YouTube-Livestream<\/strong> fand das erste L\u00e4nderspiel seit 22 Jahren statt \u2013 ein historischer Moment!<\/p>\n\n\n\n<p>Das Spiel war von Anfang an spannend und ausgeglichen. Die Deutschen erspielten sich mehrere Torchancen, konnten diese aber nicht verwerten. In der zweiten Halbzeit k\u00e4mpften beide Mannschaften um das erste Tor. In der <strong>32. Minute<\/strong> gelang es <strong>Laurin Stirnkorb (GSG Stuttgart)<\/strong>, nach einer Vorlage von <strong>Waldemar Lange (GSV Heidelberg)<\/strong>, die Deutschen mit 1:0 in F\u00fchrung zu bringen. Die Schweiz glich jedoch in der <strong>35. Minute<\/strong> aus und erzielte in der <strong>37. Minute<\/strong> den entscheidenden Treffer zum 1:2. Trotz der Niederlage zeigten die Deutschen eine herausragende Leistung und hielten gegen die erfahrene Schweizer Mannschaft hervorragend mit.<\/p>\n\n\n\n<figure class=\"wp-block-video\"><video height=\"1580\" style=\"aspect-ratio: 886 \/ 1580;\" width=\"886\" controls src=\"https:\/\/www.dgs-fussball.de\/wordpress\/wp-content\/uploads\/2024\/12\/ScreenRecording_12-16-2024-15-11-54_1.mov\"><\/video><figcaption class=\"wp-element-caption\">1:0 &#8211; 32. Minute Laurin Stirnkorb (GSG Stuttgart), nach einer Vorlage von Waldemar Lange (GSV Heidelberg)<\/figcaption><\/figure>\n\n\n\n<figure class=\"wp-block-video\"><video height=\"1578\" style=\"aspect-ratio: 886 \/ 1578;\" width=\"886\" controls src=\"https:\/\/www.dgs-fussball.de\/wordpress\/wp-content\/uploads\/2024\/12\/ScreenRecording_12-16-2024-15-12-48_1.mov\"><\/video><figcaption class=\"wp-element-caption\">1:1 &#8211; 35. Minute<\/figcaption><\/figure>\n\n\n\n<figure class=\"wp-block-video\"><video height=\"1570\" style=\"aspect-ratio: 886 \/ 1570;\" width=\"886\" controls src=\"https:\/\/www.dgs-fussball.de\/wordpress\/wp-content\/uploads\/2024\/12\/ScreenRecording_12-16-2024-15-13-45_1.mov\"><\/video><figcaption class=\"wp-element-caption\">1:2 &#8211; 37. Minute<\/figcaption><\/figure>\n\n\n\n<h3 class=\"wp-block-heading\"><strong>Trainerstimmen und Fazit<\/strong><\/h3>\n\n\n\n<p><strong>Interimstrainer Anton Kniller<\/strong> zeigte sich \u00e4u\u00dferst zufrieden: \u201eEs war mir eine gro\u00dfe Ehre, die geh\u00f6rlose Nationalmannschaft am 14. Dezember in Heidelberg zu betreuen. Die Spieler zeigten ein beeindruckendes Ma\u00df an Erfahrung und Engagement, was die Umsetzung der Trainingsinhalte erleichtert hat. Besonders die Torh\u00fcter haben mit ihren starken Paraden das Team im Spiel gehalten. Trotz der knappen 1:2-Niederlage gegen die Schweiz bin ich mit der Leistung sehr zufrieden. Wir konnten mit einer starken Mannschaft mithalten und zahlreiche Torchancen herausspielen. Diese Erfahrung war f\u00fcr mich sowohl lehrreich als auch inspirierend, und ich sehe gro\u00dfes Potenzial f\u00fcr die Zukunft. Ich hoffe, die Mannschaft weiterhin unterst\u00fctzen zu d\u00fcrfen, um auf dieser Basis aufzubauen.\u201c<\/p>\n\n\n\n<figure class=\"wp-block-video\"><video height=\"1920\" style=\"aspect-ratio: 886 \/ 1920;\" width=\"886\" controls src=\"https:\/\/www.dgs-fussball.de\/wordpress\/wp-content\/uploads\/2024\/12\/ScreenRecording_12-16-2024-15-15-58_1.mov\"><\/video><figcaption class=\"wp-element-caption\">Interview mit Schweiz<\/figcaption><\/figure>\n\n\n\n<figure class=\"wp-block-video\"><video height=\"1920\" style=\"aspect-ratio: 886 \/ 1920;\" width=\"886\" controls src=\"https:\/\/www.dgs-fussball.de\/wordpress\/wp-content\/uploads\/2024\/12\/ScreenRecording_12-16-2024-15-18-21_1.mov\"><\/video><figcaption class=\"wp-element-caption\">Interview mit Deutschland<\/figcaption><\/figure>\n\n\n\n<figure class=\"wp-block-image size-large\"><a href=\"https:\/\/www.dgs-fussball.de\/wordpress\/wp-content\/uploads\/2024\/12\/d7c73741-09e4-40f6-9798-0ce95a118af9.jpg\" target=\"_blank\" rel=\" noreferrer noopener\"><img loading=\"lazy\" decoding=\"async\" width=\"1600\" height=\"1067\" src=\"https:\/\/www.dgs-fussball.de\/wordpress\/wp-content\/uploads\/2024\/12\/d7c73741-09e4-40f6-9798-0ce95a118af9-edited.jpg\" alt=\"\" class=\"wp-image-8493\" srcset=\"https:\/\/www.dgs-fussball.de\/wordpress\/wp-content\/uploads\/2024\/12\/d7c73741-09e4-40f6-9798-0ce95a118af9-edited.jpg 1600w, https:\/\/www.dgs-fussball.de\/wordpress\/wp-content\/uploads\/2024\/12\/d7c73741-09e4-40f6-9798-0ce95a118af9-edited-300x200.jpg 300w, https:\/\/www.dgs-fussball.de\/wordpress\/wp-content\/uploads\/2024\/12\/d7c73741-09e4-40f6-9798-0ce95a118af9-edited-1024x683.jpg 1024w, https:\/\/www.dgs-fussball.de\/wordpress\/wp-content\/uploads\/2024\/12\/d7c73741-09e4-40f6-9798-0ce95a118af9-edited-768x512.jpg 768w, https:\/\/www.dgs-fussball.de\/wordpress\/wp-content\/uploads\/2024\/12\/d7c73741-09e4-40f6-9798-0ce95a118af9-edited-1536x1024.jpg 1536w\" sizes=\"auto, (max-width: 1600px) 100vw, 1600px\" \/><\/a><figcaption class=\"wp-element-caption\">gemeinsames Foto nach dem Spiel<\/figcaption><\/figure>\n\n\n\n<h3 class=\"wp-block-heading\"><strong>Dank an die Unterst\u00fctzer<\/strong><\/h3>\n\n\n\n<p>Ein besonderer Dank geht an:<\/p>\n\n\n\n<ul class=\"wp-block-list\">\n<li><strong>GSV Heidelberg<\/strong> f\u00fcr die kostenfreie \u00dcberlassung der Sporthalle<\/li>\n\n\n\n<li><strong>Technische Leiterin Frauen Anna F\u00fcner<\/strong> f\u00fcr die geliehenen Futsal-B\u00e4lle<\/li>\n\n\n\n<li><strong>Das Livestream-Team des GSV Heidelberg<\/strong> f\u00fcr die gro\u00dfartige \u00dcbertragung auf YouTube<\/li>\n\n\n\n<li><strong>K\u00e4mpgen Stiftung,<\/strong> die mit einer Spende von 2.000 Euro die Anschaffung der Trikots erm\u00f6glichte<\/li>\n\n\n\n<li>Die rund <strong>100 Zuschauer vor Ort und die 800 Zuschauer im Livestream<\/strong>, die das Team unterst\u00fctzt haben<\/li>\n<\/ul>\n\n\n\n<p>Ein gro\u00dfes Dankesch\u00f6n richtet Teammanager <strong>David Becker <\/strong>auch an die <strong>12 Spieler<\/strong>, die auf eigene Kosten anreisten und mit vollem Einsatz und Kampfgeist das L\u00e4nderspiel bestritten.<\/p>\n\n\n\n<h3 class=\"wp-block-heading\"><strong>Ausblick auf 2025<\/strong><\/h3>\n\n\n\n<p>F\u00fcr das Jahr 2025 sind bereits <strong>drei weitere Lehrg\u00e4nge<\/strong> geplant. Da die Mannschaft weiterhin komplett eigenfinanziert ist, sind wir auf <strong>finanzielle Unterst\u00fctzung <\/strong>angewiesen. Jede Spende hilft uns, das Projekt weiter voranzutreiben. <\/p>\n\n\n\n<p>Ein historischer Neustart \u2013 und ein gro\u00dfartiger erster Schritt in eine erfolgreiche Zukunft f\u00fcr den deutschen Futsal der Geh\u00f6rlosen!<\/p>\n\n\n\n<h3 class=\"wp-block-heading\">YouTube &#8211; Livestream<\/h3>\n\n\n\n<figure class=\"wp-block-embed is-type-video is-provider-youtube wp-block-embed-youtube wp-embed-aspect-16-9 wp-has-aspect-ratio\"><div class=\"wp-block-embed__wrapper\">\n<iframe loading=\"lazy\" title=\"1. Halbzeit - Geh\u00f6rlosen Futsal L\u00e4nderspiel Herren GER - SUI am 14.12.2024\" width=\"860\" height=\"484\" src=\"https:\/\/www.youtube.com\/embed\/25iShcznIpo?feature=oembed\" frameborder=\"0\" allow=\"accelerometer; autoplay; clipboard-write; encrypted-media; gyroscope; picture-in-picture; web-share\" referrerpolicy=\"strict-origin-when-cross-origin\" allowfullscreen><\/iframe>\n<\/div><\/figure>\n\n\n\n<figure class=\"wp-block-embed is-type-video is-provider-youtube wp-block-embed-youtube wp-embed-aspect-16-9 wp-has-aspect-ratio\"><div class=\"wp-block-embed__wrapper\">\n<iframe loading=\"lazy\" title=\"2. Halbzeit - Geh\u00f6rlosen Futsal L\u00e4nderspiel Herren GER - SUI am 14.12.2024\" width=\"860\" height=\"484\" src=\"https:\/\/www.youtube.com\/embed\/zYTXJjgaZ1c?feature=oembed\" frameborder=\"0\" allow=\"accelerometer; autoplay; clipboard-write; encrypted-media; gyroscope; picture-in-picture; web-share\" referrerpolicy=\"strict-origin-when-cross-origin\" allowfullscreen><\/iframe>\n<\/div><\/figure>\n\n\n\n<h3 class=\"wp-block-heading\">Bilder<\/h3>\n\n\n\n<figure class=\"wp-block-gallery has-nested-images columns-4 is-cropped wp-block-gallery-2 is-layout-flex wp-block-gallery-is-layout-flex\">\n<figure class=\"wp-block-image size-large\"><a href=\"https:\/\/www.dgs-fussball.de\/wordpress\/wp-content\/uploads\/2024\/12\/359E52D3-46C2-4B17-B762-F1D8FE9096AB.jpg\" target=\"_blank\"><img loading=\"lazy\" decoding=\"async\" width=\"576\" height=\"1024\" data-id=\"8495\" src=\"https:\/\/www.dgs-fussball.de\/wordpress\/wp-content\/uploads\/2024\/12\/359E52D3-46C2-4B17-B762-F1D8FE9096AB-576x1024.jpg\" alt=\"\" class=\"wp-image-8495\" srcset=\"https:\/\/www.dgs-fussball.de\/wordpress\/wp-content\/uploads\/2024\/12\/359E52D3-46C2-4B17-B762-F1D8FE9096AB-576x1024.jpg 576w, https:\/\/www.dgs-fussball.de\/wordpress\/wp-content\/uploads\/2024\/12\/359E52D3-46C2-4B17-B762-F1D8FE9096AB-169x300.jpg 169w, https:\/\/www.dgs-fussball.de\/wordpress\/wp-content\/uploads\/2024\/12\/359E52D3-46C2-4B17-B762-F1D8FE9096AB-768x1365.jpg 768w, https:\/\/www.dgs-fussball.de\/wordpress\/wp-content\/uploads\/2024\/12\/359E52D3-46C2-4B17-B762-F1D8FE9096AB-864x1536.jpg 864w, https:\/\/www.dgs-fussball.de\/wordpress\/wp-content\/uploads\/2024\/12\/359E52D3-46C2-4B17-B762-F1D8FE9096AB.jpg 960w\" sizes=\"auto, (max-width: 576px) 100vw, 576px\" \/><\/a><\/figure>\n\n\n\n<figure class=\"wp-block-image size-large\"><a href=\"https:\/\/www.dgs-fussball.de\/wordpress\/wp-content\/uploads\/2024\/12\/10B01BD4-DE5B-434E-87F2-4DE66B4D7D92.jpg\" target=\"_blank\"><img loading=\"lazy\" decoding=\"async\" width=\"576\" height=\"1024\" data-id=\"8494\" src=\"https:\/\/www.dgs-fussball.de\/wordpress\/wp-content\/uploads\/2024\/12\/10B01BD4-DE5B-434E-87F2-4DE66B4D7D92-576x1024.jpg\" alt=\"\" class=\"wp-image-8494\" srcset=\"https:\/\/www.dgs-fussball.de\/wordpress\/wp-content\/uploads\/2024\/12\/10B01BD4-DE5B-434E-87F2-4DE66B4D7D92-576x1024.jpg 576w, https:\/\/www.dgs-fussball.de\/wordpress\/wp-content\/uploads\/2024\/12\/10B01BD4-DE5B-434E-87F2-4DE66B4D7D92-169x300.jpg 169w, https:\/\/www.dgs-fussball.de\/wordpress\/wp-content\/uploads\/2024\/12\/10B01BD4-DE5B-434E-87F2-4DE66B4D7D92-768x1365.jpg 768w, https:\/\/www.dgs-fussball.de\/wordpress\/wp-content\/uploads\/2024\/12\/10B01BD4-DE5B-434E-87F2-4DE66B4D7D92-864x1536.jpg 864w, https:\/\/www.dgs-fussball.de\/wordpress\/wp-content\/uploads\/2024\/12\/10B01BD4-DE5B-434E-87F2-4DE66B4D7D92.jpg 960w\" sizes=\"auto, (max-width: 576px) 100vw, 576px\" \/><\/a><\/figure>\n\n\n\n<figure class=\"wp-block-image size-large\"><a href=\"https:\/\/www.dgs-fussball.de\/wordpress\/wp-content\/uploads\/2024\/12\/6373E73D-75B9-4596-A4F5-0177056F5ABF.jpg\" target=\"_blank\"><img loading=\"lazy\" decoding=\"async\" width=\"576\" height=\"1024\" data-id=\"8496\" src=\"https:\/\/www.dgs-fussball.de\/wordpress\/wp-content\/uploads\/2024\/12\/6373E73D-75B9-4596-A4F5-0177056F5ABF-576x1024.jpg\" alt=\"\" class=\"wp-image-8496\" srcset=\"https:\/\/www.dgs-fussball.de\/wordpress\/wp-content\/uploads\/2024\/12\/6373E73D-75B9-4596-A4F5-0177056F5ABF-576x1024.jpg 576w, https:\/\/www.dgs-fussball.de\/wordpress\/wp-content\/uploads\/2024\/12\/6373E73D-75B9-4596-A4F5-0177056F5ABF-169x300.jpg 169w, https:\/\/www.dgs-fussball.de\/wordpress\/wp-content\/uploads\/2024\/12\/6373E73D-75B9-4596-A4F5-0177056F5ABF-768x1365.jpg 768w, https:\/\/www.dgs-fussball.de\/wordpress\/wp-content\/uploads\/2024\/12\/6373E73D-75B9-4596-A4F5-0177056F5ABF-864x1536.jpg 864w, https:\/\/www.dgs-fussball.de\/wordpress\/wp-content\/uploads\/2024\/12\/6373E73D-75B9-4596-A4F5-0177056F5ABF.jpg 960w\" sizes=\"auto, (max-width: 576px) 100vw, 576px\" \/><\/a><\/figure>\n\n\n\n<figure class=\"wp-block-image size-large\"><a href=\"https:\/\/www.dgs-fussball.de\/wordpress\/wp-content\/uploads\/2024\/12\/D68EAEB7-6A02-4210-A150-4541F60852E7.jpg\" target=\"_blank\"><img loading=\"lazy\" decoding=\"async\" width=\"576\" height=\"1024\" data-id=\"8497\" src=\"https:\/\/www.dgs-fussball.de\/wordpress\/wp-content\/uploads\/2024\/12\/D68EAEB7-6A02-4210-A150-4541F60852E7-576x1024.jpg\" alt=\"\" class=\"wp-image-8497\" srcset=\"https:\/\/www.dgs-fussball.de\/wordpress\/wp-content\/uploads\/2024\/12\/D68EAEB7-6A02-4210-A150-4541F60852E7-576x1024.jpg 576w, https:\/\/www.dgs-fussball.de\/wordpress\/wp-content\/uploads\/2024\/12\/D68EAEB7-6A02-4210-A150-4541F60852E7-169x300.jpg 169w, https:\/\/www.dgs-fussball.de\/wordpress\/wp-content\/uploads\/2024\/12\/D68EAEB7-6A02-4210-A150-4541F60852E7-768x1365.jpg 768w, https:\/\/www.dgs-fussball.de\/wordpress\/wp-content\/uploads\/2024\/12\/D68EAEB7-6A02-4210-A150-4541F60852E7-864x1536.jpg 864w, https:\/\/www.dgs-fussball.de\/wordpress\/wp-content\/uploads\/2024\/12\/D68EAEB7-6A02-4210-A150-4541F60852E7.jpg 960w\" sizes=\"auto, (max-width: 576px) 100vw, 576px\" \/><\/a><\/figure>\n<\/figure>\n\n\n\n<figure class=\"wp-block-gallery has-nested-images columns-default is-cropped wp-block-gallery-3 is-layout-flex wp-block-gallery-is-layout-flex\">\n<figure class=\"wp-block-image size-large\"><a href=\"https:\/\/www.dgs-fussball.de\/wordpress\/wp-content\/uploads\/2024\/12\/15f0789a-b0a0-4a06-8845-6a4ffda0a763-scaled.jpg\" target=\"_blank\"><img loading=\"lazy\" decoding=\"async\" width=\"1024\" height=\"768\" data-id=\"8501\" src=\"https:\/\/www.dgs-fussball.de\/wordpress\/wp-content\/uploads\/2024\/12\/15f0789a-b0a0-4a06-8845-6a4ffda0a763-1024x768.jpg\" alt=\"\" class=\"wp-image-8501\" srcset=\"https:\/\/www.dgs-fussball.de\/wordpress\/wp-content\/uploads\/2024\/12\/15f0789a-b0a0-4a06-8845-6a4ffda0a763-1024x768.jpg 1024w, https:\/\/www.dgs-fussball.de\/wordpress\/wp-content\/uploads\/2024\/12\/15f0789a-b0a0-4a06-8845-6a4ffda0a763-300x225.jpg 300w, https:\/\/www.dgs-fussball.de\/wordpress\/wp-content\/uploads\/2024\/12\/15f0789a-b0a0-4a06-8845-6a4ffda0a763-768x576.jpg 768w, https:\/\/www.dgs-fussball.de\/wordpress\/wp-content\/uploads\/2024\/12\/15f0789a-b0a0-4a06-8845-6a4ffda0a763-1536x1152.jpg 1536w, https:\/\/www.dgs-fussball.de\/wordpress\/wp-content\/uploads\/2024\/12\/15f0789a-b0a0-4a06-8845-6a4ffda0a763-2048x1536.jpg 2048w\" sizes=\"auto, (max-width: 1024px) 100vw, 1024px\" \/><\/a><\/figure>\n\n\n\n<figure class=\"wp-block-image size-large\"><a href=\"https:\/\/www.dgs-fussball.de\/wordpress\/wp-content\/uploads\/2024\/12\/a27faf96-ea35-4920-9951-7978b1cafaa1-scaled.jpeg\" target=\"_blank\"><img loading=\"lazy\" decoding=\"async\" width=\"1024\" height=\"768\" data-id=\"8502\" src=\"https:\/\/www.dgs-fussball.de\/wordpress\/wp-content\/uploads\/2024\/12\/a27faf96-ea35-4920-9951-7978b1cafaa1-1024x768.jpeg\" alt=\"\" class=\"wp-image-8502\" srcset=\"https:\/\/www.dgs-fussball.de\/wordpress\/wp-content\/uploads\/2024\/12\/a27faf96-ea35-4920-9951-7978b1cafaa1-1024x768.jpeg 1024w, https:\/\/www.dgs-fussball.de\/wordpress\/wp-content\/uploads\/2024\/12\/a27faf96-ea35-4920-9951-7978b1cafaa1-300x225.jpeg 300w, https:\/\/www.dgs-fussball.de\/wordpress\/wp-content\/uploads\/2024\/12\/a27faf96-ea35-4920-9951-7978b1cafaa1-768x576.jpeg 768w, https:\/\/www.dgs-fussball.de\/wordpress\/wp-content\/uploads\/2024\/12\/a27faf96-ea35-4920-9951-7978b1cafaa1-1536x1152.jpeg 1536w, https:\/\/www.dgs-fussball.de\/wordpress\/wp-content\/uploads\/2024\/12\/a27faf96-ea35-4920-9951-7978b1cafaa1-2048x1536.jpeg 2048w\" sizes=\"auto, (max-width: 1024px) 100vw, 1024px\" \/><\/a><\/figure>\n<\/figure>\n\n\n\n<figure class=\"wp-block-gallery has-nested-images columns-2 is-cropped wp-block-gallery-4 is-layout-flex wp-block-gallery-is-layout-flex\">\n<figure class=\"wp-block-image size-large\"><a href=\"https:\/\/www.dgs-fussball.de\/wordpress\/wp-content\/uploads\/2024\/12\/DSC7063-scaled.jpeg\" target=\"_blank\"><img loading=\"lazy\" decoding=\"async\" width=\"2560\" height=\"1707\" data-id=\"8511\" src=\"https:\/\/www.dgs-fussball.de\/wordpress\/wp-content\/uploads\/2024\/12\/DSC7063-scaled.jpeg\" alt=\"\" class=\"wp-image-8511\" srcset=\"https:\/\/www.dgs-fussball.de\/wordpress\/wp-content\/uploads\/2024\/12\/DSC7063-scaled.jpeg 2560w, https:\/\/www.dgs-fussball.de\/wordpress\/wp-content\/uploads\/2024\/12\/DSC7063-300x200.jpeg 300w\" sizes=\"auto, (max-width: 2560px) 100vw, 2560px\" \/><\/a><\/figure>\n\n\n\n<figure class=\"wp-block-image size-large\"><a href=\"https:\/\/www.dgs-fussball.de\/wordpress\/wp-content\/uploads\/2024\/12\/DSC7084-scaled.jpeg\" target=\"_blank\"><img loading=\"lazy\" decoding=\"async\" width=\"1024\" height=\"683\" data-id=\"8515\" src=\"https:\/\/www.dgs-fussball.de\/wordpress\/wp-content\/uploads\/2024\/12\/DSC7084-1024x683.jpeg\" alt=\"\" class=\"wp-image-8515\" srcset=\"https:\/\/www.dgs-fussball.de\/wordpress\/wp-content\/uploads\/2024\/12\/DSC7084-1024x683.jpeg 1024w, https:\/\/www.dgs-fussball.de\/wordpress\/wp-content\/uploads\/2024\/12\/DSC7084-300x200.jpeg 300w, https:\/\/www.dgs-fussball.de\/wordpress\/wp-content\/uploads\/2024\/12\/DSC7084-768x512.jpeg 768w\" sizes=\"auto, (max-width: 1024px) 100vw, 1024px\" \/><\/a><\/figure>\n\n\n\n<figure class=\"wp-block-image size-large\"><a href=\"https:\/\/www.dgs-fussball.de\/wordpress\/wp-content\/uploads\/2024\/12\/DSC7270-scaled.jpeg\" target=\"_blank\"><img loading=\"lazy\" decoding=\"async\" width=\"1024\" height=\"683\" data-id=\"8513\" src=\"https:\/\/www.dgs-fussball.de\/wordpress\/wp-content\/uploads\/2024\/12\/DSC7270-1024x683.jpeg\" alt=\"\" class=\"wp-image-8513\" srcset=\"https:\/\/www.dgs-fussball.de\/wordpress\/wp-content\/uploads\/2024\/12\/DSC7270-1024x683.jpeg 1024w, https:\/\/www.dgs-fussball.de\/wordpress\/wp-content\/uploads\/2024\/12\/DSC7270-300x200.jpeg 300w, https:\/\/www.dgs-fussball.de\/wordpress\/wp-content\/uploads\/2024\/12\/DSC7270-768x512.jpeg 768w\" sizes=\"auto, (max-width: 1024px) 100vw, 1024px\" \/><\/a><\/figure>\n\n\n\n<figure class=\"wp-block-image size-large\"><a href=\"https:\/\/www.dgs-fussball.de\/wordpress\/wp-content\/uploads\/2024\/12\/DSC7296-scaled.jpeg\" target=\"_blank\"><img loading=\"lazy\" decoding=\"async\" width=\"1024\" height=\"683\" data-id=\"8516\" src=\"https:\/\/www.dgs-fussball.de\/wordpress\/wp-content\/uploads\/2024\/12\/DSC7296-1024x683.jpeg\" alt=\"\" class=\"wp-image-8516\" srcset=\"https:\/\/www.dgs-fussball.de\/wordpress\/wp-content\/uploads\/2024\/12\/DSC7296-1024x683.jpeg 1024w, https:\/\/www.dgs-fussball.de\/wordpress\/wp-content\/uploads\/2024\/12\/DSC7296-300x200.jpeg 300w, https:\/\/www.dgs-fussball.de\/wordpress\/wp-content\/uploads\/2024\/12\/DSC7296-768x512.jpeg 768w\" sizes=\"auto, (max-width: 1024px) 100vw, 1024px\" \/><\/a><\/figure>\n\n\n\n<figure class=\"wp-block-image size-large\"><a href=\"https:\/\/www.dgs-fussball.de\/wordpress\/wp-content\/uploads\/2024\/12\/DSC7304-scaled.jpeg\" target=\"_blank\"><img loading=\"lazy\" decoding=\"async\" width=\"1024\" height=\"683\" data-id=\"8512\" src=\"https:\/\/www.dgs-fussball.de\/wordpress\/wp-content\/uploads\/2024\/12\/DSC7304-1024x683.jpeg\" alt=\"\" class=\"wp-image-8512\" srcset=\"https:\/\/www.dgs-fussball.de\/wordpress\/wp-content\/uploads\/2024\/12\/DSC7304-1024x683.jpeg 1024w, https:\/\/www.dgs-fussball.de\/wordpress\/wp-content\/uploads\/2024\/12\/DSC7304-300x200.jpeg 300w, https:\/\/www.dgs-fussball.de\/wordpress\/wp-content\/uploads\/2024\/12\/DSC7304-768x512.jpeg 768w\" sizes=\"auto, (max-width: 1024px) 100vw, 1024px\" \/><\/a><\/figure>\n\n\n\n<figure class=\"wp-block-image size-large\"><a href=\"https:\/\/www.dgs-fussball.de\/wordpress\/wp-content\/uploads\/2024\/12\/DSC7447-scaled.jpeg\" target=\"_blank\"><img loading=\"lazy\" decoding=\"async\" width=\"1024\" height=\"683\" data-id=\"8510\" src=\"https:\/\/www.dgs-fussball.de\/wordpress\/wp-content\/uploads\/2024\/12\/DSC7447-1024x683.jpeg\" alt=\"\" class=\"wp-image-8510\" srcset=\"https:\/\/www.dgs-fussball.de\/wordpress\/wp-content\/uploads\/2024\/12\/DSC7447-1024x683.jpeg 1024w, https:\/\/www.dgs-fussball.de\/wordpress\/wp-content\/uploads\/2024\/12\/DSC7447-300x200.jpeg 300w, https:\/\/www.dgs-fussball.de\/wordpress\/wp-content\/uploads\/2024\/12\/DSC7447-768x512.jpeg 768w\" sizes=\"auto, (max-width: 1024px) 100vw, 1024px\" \/><\/a><\/figure>\n\n\n\n<figure class=\"wp-block-image size-large\"><a href=\"https:\/\/www.dgs-fussball.de\/wordpress\/wp-content\/uploads\/2024\/12\/DSC7075-scaled.jpeg\" target=\"_blank\"><img loading=\"lazy\" decoding=\"async\" width=\"1024\" height=\"683\" data-id=\"8509\" src=\"https:\/\/www.dgs-fussball.de\/wordpress\/wp-content\/uploads\/2024\/12\/DSC7075-1024x683.jpeg\" alt=\"\" class=\"wp-image-8509\" srcset=\"https:\/\/www.dgs-fussball.de\/wordpress\/wp-content\/uploads\/2024\/12\/DSC7075-1024x683.jpeg 1024w, https:\/\/www.dgs-fussball.de\/wordpress\/wp-content\/uploads\/2024\/12\/DSC7075-300x200.jpeg 300w, https:\/\/www.dgs-fussball.de\/wordpress\/wp-content\/uploads\/2024\/12\/DSC7075-768x512.jpeg 768w\" sizes=\"auto, (max-width: 1024px) 100vw, 1024px\" \/><\/a><\/figure>\n\n\n\n<figure class=\"wp-block-image size-large\"><a href=\"https:\/\/www.dgs-fussball.de\/wordpress\/wp-content\/uploads\/2024\/12\/DSC7834-scaled.jpeg\" target=\"_blank\"><img loading=\"lazy\" decoding=\"async\" width=\"2560\" height=\"1707\" data-id=\"8514\" src=\"https:\/\/www.dgs-fussball.de\/wordpress\/wp-content\/uploads\/2024\/12\/DSC7834-scaled.jpeg\" alt=\"\" class=\"wp-image-8514\" srcset=\"https:\/\/www.dgs-fussball.de\/wordpress\/wp-content\/uploads\/2024\/12\/DSC7834-scaled.jpeg 2560w, https:\/\/www.dgs-fussball.de\/wordpress\/wp-content\/uploads\/2024\/12\/DSC7834-300x200.jpeg 300w\" sizes=\"auto, (max-width: 2560px) 100vw, 2560px\" \/><\/a><\/figure>\n\n\n\n<figure class=\"wp-block-image size-large\"><a href=\"https:\/\/www.dgs-fussball.de\/wordpress\/wp-content\/uploads\/2024\/12\/DSC7845.jpeg\" target=\"_blank\"><img decoding=\"async\" data-id=\"8517\" src=\"https:\/\/www.dgs-fussball.de\/wordpress\/wp-content\/uploads\/2024\/12\/DSC7845.jpeg\" alt=\"\" class=\"wp-image-8517\"\/><\/a><\/figure>\n<\/figure>\n","protected":false},"excerpt":{"rendered":"<p>22 Jahre sp\u00e4ter \u2013 ein historischer Tag f\u00fcr den deutschen Futsal der Geh\u00f6rlosen! Das letzte Futsal-L\u00e4nderspiel der deutschen Herren-Nationalmannschaft der Geh\u00f6rlosen fand im November 2002 bei der 1. Futsal-Europameisterschaft in Sofia (Bulgarien) statt. Damals gewann Deutschland im Spiel um Platz 9 gegen Gro\u00dfbritannien mit 3:1 (2:0). Danach wurde die Nationalmannschaft aufgel\u00f6st. Zahlreiche Versuche, das Team wiederzubeleben, scheiterten aus verschiedenen Gr\u00fcnden<\/p>\n","protected":false},"author":3,"featured_media":0,"comment_status":"closed","ping_status":"closed","sticky":false,"template":"","format":"standard","meta":{"ngg_post_thumbnail":0,"footnotes":""},"categories":[1,76],"tags":[],"class_list":["post-8480","post","type-post","status-publish","format-standard","hentry","category-allgemein","category-nationalmannschaft-futsal-maenner"],"_links":{"self":[{"href":"https:\/\/www.dgs-fussball.de\/index.php?rest_route=\/wp\/v2\/posts\/8480","targetHints":{"allow":["GET"]}}],"collection":[{"href":"https:\/\/www.dgs-fussball.de\/index.php?rest_route=\/wp\/v2\/posts"}],"about":[{"href":"https:\/\/www.dgs-fussball.de\/index.php?rest_route=\/wp\/v2\/types\/post"}],"author":[{"embeddable":true,"href":"https:\/\/www.dgs-fussball.de\/index.php?rest_route=\/wp\/v2\/users\/3"}],"replies":[{"embeddable":true,"href":"https:\/\/www.dgs-fussball.de\/index.php?rest_route=%2Fwp%2Fv2%2Fcomments&post=8480"}],"version-history":[{"count":11,"href":"https:\/\/www.dgs-fussball.de\/index.php?rest_route=\/wp\/v2\/posts\/8480\/revisions"}],"predecessor-version":[{"id":8520,"href":"https:\/\/www.dgs-fussball.de\/index.php?rest_route=\/wp\/v2\/posts\/8480\/revisions\/8520"}],"wp:attachment":[{"href":"https:\/\/www.dgs-fussball.de\/index.php?rest_route=%2Fwp%2Fv2%2Fmedia&parent=8480"}],"wp:term":[{"taxonomy":"category","embeddable":true,"href":"https:\/\/www.dgs-fussball.de\/index.php?rest_route=%2Fwp%2Fv2%2Fcategories&post=8480"},{"taxonomy":"post_tag","embeddable":true,"href":"https:\/\/www.dgs-fussball.de\/index.php?rest_route=%2Fwp%2Fv2%2Ftags&post=8480"}],"curies":[{"name":"wp","href":"https:\/\/api.w.org\/{rel}","templated":true}]}}