{"id":8533,"date":"2025-01-06T16:22:20","date_gmt":"2025-01-06T15:22:20","guid":{"rendered":"https:\/\/www.dgs-fussball.de\/?p=8533"},"modified":"2025-01-06T16:22:20","modified_gmt":"2025-01-06T15:22:20","slug":"seit-01-01-2025-keine-seniorenmannschaft-des-gsv-darmstadt-mehr","status":"publish","type":"post","link":"https:\/\/www.dgs-fussball.de\/?p=8533","title":{"rendered":"Seit 01.01.2025 keine Seniorenmannschaft des GSV Darmstadt mehr"},"content":{"rendered":"\n<p>Laut Mitteilung des GSV Darmstadt vom 16.12.2024 wurde die Seniorenmannschaft zum 01.01.2025 abgemeldet. Dies bedeutet, dass gem\u00e4\u00df SpO \u00a7 12 a die Wartezeit entf\u00e4llt, da sich die Abteilung der Seniorenmannschaft GSV Darmstadt aufgel\u00f6st hat. Spieler, die vom GSV Darmstadt zu anderen Vereinen wechseln, k\u00f6nnen nach Vorlage aller erforderlichen Unterlagen bei der Passstelle sofort f\u00fcr den neuen Verein spielberechtigt werden.<\/p>\n","protected":false},"excerpt":{"rendered":"<p>Laut Mitteilung des GSV Darmstadt vom 16.12.2024 wurde die Seniorenmannschaft zum 01.01.2025 abgemeldet. Dies bedeutet, dass gem\u00e4\u00df SpO \u00a7 12 a die Wartezeit entf\u00e4llt, da sich die Abteilung der Seniorenmannschaft GSV Darmstadt aufgel\u00f6st hat. Spieler, die vom GSV Darmstadt zu anderen Vereinen wechseln, k\u00f6nnen nach Vorlage aller erforderlichen Unterlagen bei der Passstelle sofort f\u00fcr den neuen Verein spielberechtigt werden.<\/p>\n","protected":false},"author":7,"featured_media":0,"comment_status":"closed","ping_status":"closed","sticky":false,"template":"","format":"standard","meta":{"ngg_post_thumbnail":0,"footnotes":""},"categories":[1,6],"tags":[],"class_list":["post-8533","post","type-post","status-publish","format-standard","hentry","category-allgemein","category-vereinswechsel"],"_links":{"self":[{"href":"https:\/\/www.dgs-fussball.de\/index.php?rest_route=\/wp\/v2\/posts\/8533","targetHints":{"allow":["GET"]}}],"collection":[{"href":"https:\/\/www.dgs-fussball.de\/index.php?rest_route=\/wp\/v2\/posts"}],"about":[{"href":"https:\/\/www.dgs-fussball.de\/index.php?rest_route=\/wp\/v2\/types\/post"}],"author":[{"embeddable":true,"href":"https:\/\/www.dgs-fussball.de\/index.php?rest_route=\/wp\/v2\/users\/7"}],"replies":[{"embeddable":true,"href":"https:\/\/www.dgs-fussball.de\/index.php?rest_route=%2Fwp%2Fv2%2Fcomments&post=8533"}],"version-history":[{"count":1,"href":"https:\/\/www.dgs-fussball.de\/index.php?rest_route=\/wp\/v2\/posts\/8533\/revisions"}],"predecessor-version":[{"id":8534,"href":"https:\/\/www.dgs-fussball.de\/index.php?rest_route=\/wp\/v2\/posts\/8533\/revisions\/8534"}],"wp:attachment":[{"href":"https:\/\/www.dgs-fussball.de\/index.php?rest_route=%2Fwp%2Fv2%2Fmedia&parent=8533"}],"wp:term":[{"taxonomy":"category","embeddable":true,"href":"https:\/\/www.dgs-fussball.de\/index.php?rest_route=%2Fwp%2Fv2%2Fcategories&post=8533"},{"taxonomy":"post_tag","embeddable":true,"href":"https:\/\/www.dgs-fussball.de\/index.php?rest_route=%2Fwp%2Fv2%2Ftags&post=8533"}],"curies":[{"name":"wp","href":"https:\/\/api.w.org\/{rel}","templated":true}]}}