{"id":890,"date":"2012-09-18T15:43:59","date_gmt":"2012-09-18T13:43:59","guid":{"rendered":"http:\/\/www.dgs-fussball.de\/?p=890"},"modified":"2012-09-18T15:43:59","modified_gmt":"2012-09-18T13:43:59","slug":"eilmeldung-keine-verbandspas-bearbeitung-in-der-zeit-vom-22-09-15-10-2012","status":"publish","type":"post","link":"https:\/\/www.dgs-fussball.de\/?p=890","title":{"rendered":"EILMELDUNG: KEINE Verbandspa\u00df-Bearbeitung in der Zeit vom 22.09. &#8211; 15.10.2012 !!!"},"content":{"rendered":"<p style=\"text-align: center;\">Liebe Sportskameraden,<\/p>\n<p style=\"text-align: center;\">wie ich gerade bei den aktuellen Mitteilungen in der Homepage des DGS \u2013 www.dg-sv.de \u2013 sehe, erfolgt in der Zeit vom 22.9. \u2013 15.10.2012 keine Verbandspa\u00df-Bearbeitung, da Generalsekret\u00e4r Winfried Wiencek sich dann im Ausland befindet.<\/p>\n<p style=\"text-align: center;\">Ich bitte die Landesfachwarte und Regionalbeauftragten dringend, Eure Vereine hier\u00fcber zeitnah zu informieren.<br \/>\nDanke vorab und<\/p>\n<p style=\"text-align: center;\">Mit sportlichen Gr\u00fc\u00dfen<\/p>\n<p style=\"text-align: center;\">Guido Zimmermann<br \/>\nVerbandsfachwart der<br \/>\nDGS-Sparte Fu\u00dfball<\/p>\n","protected":false},"excerpt":{"rendered":"<p>Liebe Sportskameraden, wie ich gerade bei den aktuellen Mitteilungen in der Homepage des DGS \u2013 www.dg-sv.de \u2013 sehe, erfolgt in der Zeit vom 22.9. \u2013 15.10.2012 keine Verbandspa\u00df-Bearbeitung, da Generalsekret\u00e4r Winfried Wiencek sich dann im Ausland befindet. Ich bitte die Landesfachwarte und Regionalbeauftragten dringend, Eure Vereine hier\u00fcber zeitnah zu informieren. Danke vorab und Mit sportlichen Gr\u00fc\u00dfen Guido Zimmermann Verbandsfachwart der<\/p>\n","protected":false},"author":1,"featured_media":0,"comment_status":"closed","ping_status":"closed","sticky":false,"template":"","format":"standard","meta":{"ngg_post_thumbnail":0,"footnotes":""},"categories":[1],"tags":[],"class_list":["post-890","post","type-post","status-publish","format-standard","hentry","category-allgemein"],"_links":{"self":[{"href":"https:\/\/www.dgs-fussball.de\/index.php?rest_route=\/wp\/v2\/posts\/890","targetHints":{"allow":["GET"]}}],"collection":[{"href":"https:\/\/www.dgs-fussball.de\/index.php?rest_route=\/wp\/v2\/posts"}],"about":[{"href":"https:\/\/www.dgs-fussball.de\/index.php?rest_route=\/wp\/v2\/types\/post"}],"author":[{"embeddable":true,"href":"https:\/\/www.dgs-fussball.de\/index.php?rest_route=\/wp\/v2\/users\/1"}],"replies":[{"embeddable":true,"href":"https:\/\/www.dgs-fussball.de\/index.php?rest_route=%2Fwp%2Fv2%2Fcomments&post=890"}],"version-history":[{"count":1,"href":"https:\/\/www.dgs-fussball.de\/index.php?rest_route=\/wp\/v2\/posts\/890\/revisions"}],"predecessor-version":[{"id":891,"href":"https:\/\/www.dgs-fussball.de\/index.php?rest_route=\/wp\/v2\/posts\/890\/revisions\/891"}],"wp:attachment":[{"href":"https:\/\/www.dgs-fussball.de\/index.php?rest_route=%2Fwp%2Fv2%2Fmedia&parent=890"}],"wp:term":[{"taxonomy":"category","embeddable":true,"href":"https:\/\/www.dgs-fussball.de\/index.php?rest_route=%2Fwp%2Fv2%2Fcategories&post=890"},{"taxonomy":"post_tag","embeddable":true,"href":"https:\/\/www.dgs-fussball.de\/index.php?rest_route=%2Fwp%2Fv2%2Ftags&post=890"}],"curies":[{"name":"wp","href":"https:\/\/api.w.org\/{rel}","templated":true}]}}