{"id":8924,"date":"2025-07-09T15:17:53","date_gmt":"2025-07-09T14:17:53","guid":{"rendered":"https:\/\/www.dgs-fussball.de\/?p=8924"},"modified":"2025-07-09T15:25:53","modified_gmt":"2025-07-09T14:25:53","slug":"deutsche-u13-und-u15-mannschaften-haben-beim-futsal-europaturnier-in-salerno-ita-erfolgreich-abgeschnitten","status":"publish","type":"post","link":"https:\/\/www.dgs-fussball.de\/?p=8924","title":{"rendered":"Deutsche U13- und U15-Mannschaften haben beim Futsal-Europaturnier in Salerno\/ITA erfolgreich abgeschnitten."},"content":{"rendered":"\n<p>Die deutschen U13- und U15-Mannschaften nahmen zusammen mit f\u00fcnf weiteren L\u00e4ndern (Belgien, England, Frankreich, Italien und Spanien) am Futsal-Turnier in Salerno teil.<\/p>\n\n\n\n<p>Die deutschen U13- und U15-Mannschaften haben sich mit den starken Spielen jeweils den ersten Platz in den Gruppen gesichert.<\/p>\n\n\n\n<p>In der U13-Halbfinale wurde Belgien mit 2:1 besiegt. Bei der U15-Halbfinale ist die Entscheidung erst mit 6:5 nach Sechsmeterschie\u00dfen gefallen. Matchwinner war der Torwart Sam Zech mit 4 abgewehrten Sch\u00fcssen.<\/p>\n\n\n\n<p>Die deutsche U13-Mannschaft besiegte im Finale Spanien 8:2 und belegte den 1. Platz. Die U15-Mannschaft erreichte im Finale gegen den Lokalmatador Italien ein 3:3 n. V., wurde dort jedoch nach dem Sechsmeterschie\u00dfen besiegt und wurde Zweite.<\/p>\n\n\n\n<div class=\"wp-block-cover\"><img loading=\"lazy\" decoding=\"async\" width=\"1024\" height=\"683\" class=\"wp-block-cover__image-background wp-image-8933\" alt=\"\" src=\"https:\/\/www.dgs-fussball.de\/wordpress\/wp-content\/uploads\/2025\/07\/1G1A2297-1024x683.jpg\" data-object-fit=\"cover\" srcset=\"https:\/\/www.dgs-fussball.de\/wordpress\/wp-content\/uploads\/2025\/07\/1G1A2297-1024x683.jpg 1024w, https:\/\/www.dgs-fussball.de\/wordpress\/wp-content\/uploads\/2025\/07\/1G1A2297-300x200.jpg 300w, https:\/\/www.dgs-fussball.de\/wordpress\/wp-content\/uploads\/2025\/07\/1G1A2297-768x512.jpg 768w, https:\/\/www.dgs-fussball.de\/wordpress\/wp-content\/uploads\/2025\/07\/1G1A2297-1536x1024.jpg 1536w, https:\/\/www.dgs-fussball.de\/wordpress\/wp-content\/uploads\/2025\/07\/1G1A2297-2048x1365.jpg 2048w\" sizes=\"auto, (max-width: 1024px) 100vw, 1024px\" \/><span aria-hidden=\"true\" class=\"wp-block-cover__background has-background-dim\"><\/span><div class=\"wp-block-cover__inner-container is-layout-flow wp-block-cover-is-layout-flow\">\n<div class=\"wp-block-media-text is-stacked-on-mobile\"><figure class=\"wp-block-media-text__media\"><\/figure><div class=\"wp-block-media-text__content\">\n<p><\/p>\n<\/div><\/div>\n<\/div><\/div>\n\n\n\n<p>Siegerfoto U13<\/p>\n\n\n\n<p>Bei der U13 wurden Yann Schmit zum besten Spieler und Sean Kirk zum besten Torwart des Turniers geehrt.<\/p>\n\n\n\n<p><br><strong>Hier sind die Ergebnisse der U13:<\/strong><br><br>Vorrunde: <br>6:1 gegen Frankreich <br>7:1 gegen England<\/p>\n\n\n\n<p>Halbfinale: <br>2:1 gegen Belgien<\/p>\n\n\n\n<p>Finale: <br>8:2 gegen Spanien<\/p>\n\n\n\n<p><strong>Und die Ergebnisse der U15:<\/strong><\/p>\n\n\n\n<p>Vorrunde: <br>5:4 gegen England<br>8:2 gegen Frankreich<\/p>\n\n\n\n<p>Halbfinale: <br>6:5 nach Sechsmeterschie\u00dfen gegen Spanien<\/p>\n\n\n\n<p>Finale: <br>4:5 nach Sechsmeterschie\u00dfen gegen Italien<\/p>\n\n\n\n<p>Hier die Ergebnisse der U13:<br><a href=\"https:\/\/vivaiosportsordi.it\/matches-u13\/calendar\/1-futsal-tournament-u13-3rd-edition\">Vivaio Sport Sordi | Calendario Futsal Tournament U13 3rd Edition<\/a><\/p>\n\n\n\n<p>Hier die Ergebnisse der U15:<br><a href=\"https:\/\/vivaiosportsordi.it\/matches-u15\/calendar\/2-futsal-tournament-u15-3rd-edition\">Vivaio Sport Sordi | Calendario Futsal Tournament U15 3rd Edition<\/a><\/p>\n\n\n\n<figure class=\"wp-block-image size-large\"><a href=\"https:\/\/www.dgs-fussball.de\/wordpress\/wp-content\/uploads\/2025\/07\/1G1A0926-scaled.jpg\"><img loading=\"lazy\" decoding=\"async\" width=\"1024\" height=\"683\" src=\"https:\/\/www.dgs-fussball.de\/wordpress\/wp-content\/uploads\/2025\/07\/1G1A0926-1024x683.jpg\" alt=\"\" class=\"wp-image-8926\" srcset=\"https:\/\/www.dgs-fussball.de\/wordpress\/wp-content\/uploads\/2025\/07\/1G1A0926-1024x683.jpg 1024w, https:\/\/www.dgs-fussball.de\/wordpress\/wp-content\/uploads\/2025\/07\/1G1A0926-300x200.jpg 300w, https:\/\/www.dgs-fussball.de\/wordpress\/wp-content\/uploads\/2025\/07\/1G1A0926-768x512.jpg 768w, https:\/\/www.dgs-fussball.de\/wordpress\/wp-content\/uploads\/2025\/07\/1G1A0926-1536x1024.jpg 1536w, https:\/\/www.dgs-fussball.de\/wordpress\/wp-content\/uploads\/2025\/07\/1G1A0926-2048x1365.jpg 2048w\" sizes=\"auto, (max-width: 1024px) 100vw, 1024px\" \/><\/a><\/figure>\n\n\n\n<p>U13-Kader: &nbsp;<br>Timo Schneider (GBF M\u00fcnchen), Colin Braun (GSV W\u00fcrzburg), Xando Schwarz (GSV W\u00fcrzburg), Malik T\u00fcrkel (GSV D\u00fcsseldorf), Fynn Schmit (GSV Darmstadt), Lukas R\u00f6ckelein (GBF M\u00fcnchen), Liviano Randazzo (GSV Darmstadt), Leonard Jagla (GTSV Dortmund), Seno Vermeersch (GSV Darmstadt), Sean Kirk (GSV Darmstadt) und Yann Schmit (GSV Darmstadt).<\/p>\n\n\n\n<figure class=\"wp-block-image size-large\"><a href=\"https:\/\/www.dgs-fussball.de\/wordpress\/wp-content\/uploads\/2025\/07\/1G1A1637-scaled.jpg\"><img loading=\"lazy\" decoding=\"async\" width=\"1024\" height=\"683\" src=\"https:\/\/www.dgs-fussball.de\/wordpress\/wp-content\/uploads\/2025\/07\/1G1A1637-1024x683.jpg\" alt=\"\" class=\"wp-image-8927\" srcset=\"https:\/\/www.dgs-fussball.de\/wordpress\/wp-content\/uploads\/2025\/07\/1G1A1637-1024x683.jpg 1024w, https:\/\/www.dgs-fussball.de\/wordpress\/wp-content\/uploads\/2025\/07\/1G1A1637-300x200.jpg 300w, https:\/\/www.dgs-fussball.de\/wordpress\/wp-content\/uploads\/2025\/07\/1G1A1637-768x512.jpg 768w, https:\/\/www.dgs-fussball.de\/wordpress\/wp-content\/uploads\/2025\/07\/1G1A1637-1536x1024.jpg 1536w, https:\/\/www.dgs-fussball.de\/wordpress\/wp-content\/uploads\/2025\/07\/1G1A1637-2048x1365.jpg 2048w\" sizes=\"auto, (max-width: 1024px) 100vw, 1024px\" \/><\/a><\/figure>\n\n\n\n<p>U15-Kader: <br>Sam Zech (GSV Hildesheim), Valentin Lange (GSV Darmstadt), Samuel Kermer (GSV W\u00fcrzburg), Robin Hoffmeyer (GTSV Essen), Lukas Buxmann (GSV Darmstadt), Eduard Racolta (GSV Braunschweig), Lizardo Gr\u00e4f (GSV W\u00fcrzburg), Malte Hopf (GSV W\u00fcrzburg), Tobias Schaub (GSV W\u00fcrzburg), Elias Thomas (GSV W\u00fcrzburg), Ahmed Alaoui Taki (GSV Darmstadt) und Keanu Kirk (GSV Darmstadt).<\/p>\n\n\n\n<p>Organisationsleitung, Trainer- und Betreuergespann: <br>Timo Schaub, Shane Kirk, Christian Vogel, Alexander Hopf, Christian Kliemant und Maik Guettari.<\/p>\n\n\n\n<p>Alle Bilder: Timo Schaub<\/p>\n","protected":false},"excerpt":{"rendered":"<p>Die deutschen U13- und U15-Mannschaften nahmen zusammen mit f\u00fcnf weiteren L\u00e4ndern (Belgien, England, Frankreich, Italien und Spanien) am Futsal-Turnier in Salerno teil. Die deutschen U13- und U15-Mannschaften haben sich mit den starken Spielen jeweils den ersten Platz in den Gruppen gesichert. In der U13-Halbfinale wurde Belgien mit 2:1 besiegt. Bei der U15-Halbfinale ist die Entscheidung erst mit 6:5 nach Sechsmeterschie\u00dfen<\/p>\n","protected":false},"author":1,"featured_media":0,"comment_status":"closed","ping_status":"closed","sticky":false,"template":"","format":"standard","meta":{"ngg_post_thumbnail":0,"footnotes":""},"categories":[1],"tags":[83,81,82,84,85],"class_list":["post-8924","post","type-post","status-publish","format-standard","hentry","category-allgemein","tag-europameisterschaft","tag-futsal","tag-jugend","tag-u13","tag-u15"],"_links":{"self":[{"href":"https:\/\/www.dgs-fussball.de\/index.php?rest_route=\/wp\/v2\/posts\/8924","targetHints":{"allow":["GET"]}}],"collection":[{"href":"https:\/\/www.dgs-fussball.de\/index.php?rest_route=\/wp\/v2\/posts"}],"about":[{"href":"https:\/\/www.dgs-fussball.de\/index.php?rest_route=\/wp\/v2\/types\/post"}],"author":[{"embeddable":true,"href":"https:\/\/www.dgs-fussball.de\/index.php?rest_route=\/wp\/v2\/users\/1"}],"replies":[{"embeddable":true,"href":"https:\/\/www.dgs-fussball.de\/index.php?rest_route=%2Fwp%2Fv2%2Fcomments&post=8924"}],"version-history":[{"count":7,"href":"https:\/\/www.dgs-fussball.de\/index.php?rest_route=\/wp\/v2\/posts\/8924\/revisions"}],"predecessor-version":[{"id":8937,"href":"https:\/\/www.dgs-fussball.de\/index.php?rest_route=\/wp\/v2\/posts\/8924\/revisions\/8937"}],"wp:attachment":[{"href":"https:\/\/www.dgs-fussball.de\/index.php?rest_route=%2Fwp%2Fv2%2Fmedia&parent=8924"}],"wp:term":[{"taxonomy":"category","embeddable":true,"href":"https:\/\/www.dgs-fussball.de\/index.php?rest_route=%2Fwp%2Fv2%2Fcategories&post=8924"},{"taxonomy":"post_tag","embeddable":true,"href":"https:\/\/www.dgs-fussball.de\/index.php?rest_route=%2Fwp%2Fv2%2Ftags&post=8924"}],"curies":[{"name":"wp","href":"https:\/\/api.w.org\/{rel}","templated":true}]}}