{"id":957,"date":"2012-10-24T15:28:10","date_gmt":"2012-10-24T13:28:10","guid":{"rendered":"http:\/\/www.dgs-fussball.de\/?p=957"},"modified":"2012-10-24T15:28:10","modified_gmt":"2012-10-24T13:28:10","slug":"anstrengende-arbeitstagung-der-dgs-sparte-fusball-in-dresden","status":"publish","type":"post","link":"https:\/\/www.dgs-fussball.de\/?p=957","title":{"rendered":"Anstrengende Arbeitstagung der DGS-Sparte Fu\u00dfball in Dresden"},"content":{"rendered":"<p style=\"text-align: center;\"><strong>Vom 5. bis 6.Oktober 2012 fand im schmucken Geh\u00f6rlosenzentrum in Dresden die Arbeitstagung der DGS-Sparte Fu\u00dfball statt. Diese begann am Freitagnachmittag mit einer viertelst\u00fcndigen Versp\u00e4tung um 16:15 Uhr und endete am Abend um 20:30 Uhr. Samstags ging es ab 9:30 Uhr ohne Pause bis zur einst\u00fcndigen Mittagpause um 12:30 Uhr weiter. Samstagabend um 19:30 Uhr war diese im wesentlichen aus Ordnungs\u00e4nderungen bestehende \u201etrockene\u201c und daher anstrengende Tagung beendet. F\u00fcr das leibliche Wohl der 27 Teilnehmer wurde im Geh\u00f6rlosenzentrum gut gesorgt \u2013 hierf\u00fcr noch-mals herzlichen Dank. Die R\u00e4umlichkeit war zwar gut belichtet, jedoch war es doch schon etwas eng. <\/strong><\/p>\n<p style=\"text-align: center;\"><strong>Freitags wurden die ganzen T\u00e4tigkeitsberichte und die Kassenberichte 2011 + 2012 besprochen und anschlie\u00dfend die gesamte Spartenleitung f\u00fcr ihre bishe-rige Arbeit seit der Wahltagung in M\u00fcnchen im Oktober 2010 ohne Gegen-stimmen entlastet. Die bislang kommissarisch als TL Senioren (Dawid Adrian) und Einzelrichter NRW\/Bayern (Dieter Wickert) t\u00e4tigen Amtsinhaber stellten sich auf Befragen des Wahlleiters Josef Scheitle auch f\u00fcr die n\u00e4chsten 2 Jahre bis zur Wahltagung in K\u00f6ln im Oktober 2014 zur Verf\u00fcgung und wurden ohne Gegenstimmen und Gegenkandidaten gew\u00e4hlt. <\/strong><\/p>\n<p style=\"text-align: center;\"><strong>Samstags ging es fast ausschlie\u00dflich um die Antr\u00e4ge der DGS-Spartenleitung sowie von Baden-W\u00fcrttemberg, mit denen wesentliche L\u00fccken in unseren Spartenordnungen geschlossen wurden. Jedoch wurden auch Beschl\u00fcsse gefa\u00dft, die doch schon inhaltliche \u00c4nderungen im Geh\u00f6rlosenfu\u00dfball bringen werden. Diese werden zu gegebener Zeit, wenn der Rechtsausschu\u00df des DGS diese Beschl\u00fcsse und Ordnungs\u00e4nderungen abgesegnet hat, ver\u00f6ffentlicht.\u00a0 <\/strong><\/p>\n<p style=\"text-align: center;\"><strong>Ab Samstagnachmittag konnte ich als Tagungsleiter schon merken, da\u00df die Konzentration bei vielen Teilnehmern nachlie\u00df und diese das Ende herbei-sehnten. Es lagen ja auch immerhin \u00fcber 60 Antr\u00e4ge vor und da es leider auch Teilnehmer gab, die die Tagungsdisziplin nicht einhielten, gab es unn\u00f6tige Zeitverz\u00f6gerungen. Einige durch die Stimmenmehrheit von 2 gro\u00dfen L\u00e4ndern gefa\u00dfte Beschl\u00fcsse stimmen doch nachdenklich. Wenn L\u00e4nder ihre eigenen Mitarbeiter erheblich h\u00f6her entsch\u00e4digen als die DGS-Spartenleitung es tuen konnte und dann einen Anteil an den Sportgerichtsurteilen haben wollen, dann stimmt da doch etwas nicht. Wie sagte es doch ein erfahrener Landes-Delegierter : Die L\u00e4nder sollen erst mal selbst vern\u00fcnftig wirtschaften, bevor sie die DGS-Sparte Fu\u00dfball \u201emelken.\u201c\u00a0\u00a0 Wenn auch noch durch diese Beschl\u00fcsse Mehrarbeit auf die Mitarbeiter der DGS-Sparte Fu\u00dfball zukommt, so mu\u00df man sich fragen, ob das Ganze nicht als \u201eStimmrechts-Machtmi\u00df-brauch\u201c anzusehen ist. Die Motivation der DGS-Spartenleitung wird durch solche Antr\u00e4ge und Beschl\u00fcsse bestimmt nicht gef\u00f6rdert \u2013 im Gegenteil ist zu erwarten, da\u00df etliche Mitarbeiter in 2014 die Konsequenzen ergreifen und f\u00fcr eine weitere Arbeit in der DGS-Spartenleitung nach 2014 nicht mehr zur Verf\u00fcgung stehen. Leider glauben einige Landesdelegierte, ihre Landesinte-ressen mit Gewalt durchsetzen zu m\u00fcssen und vergessen hierbei, da\u00df ohne die DGS-Spartenleitung und deren Unterst\u00fctzung es auch keine DG-Meister-schaften mehr geben wird. Insofern k\u00f6nnen diese Beschl\u00fcsse und Verhal-tensweisen sich sp\u00e4testens 2014 bei der Wahltagung r\u00e4chen, also quasi zu Eigentoren werden.\u00a0 <\/strong><\/p>\n<p style=\"text-align: center;\"><strong>Wahrlich keine rosigen Aussichten f\u00fcr den DGS-Fu\u00dfball. <\/strong><\/p>\n<p style=\"text-align: center;\"><strong>\u00a0<\/strong><strong>Guido Zimmermann, Verbandsfachwart der DGS-Sparte Fu\u00dfball<\/strong><\/p>\n<p style=\"text-align: center;\"><strong>Ratingen, 22.10.2012<\/strong><\/p>\n<p style=\"text-align: center;\"><a href=\"https:\/\/www.dgs-fussball.de\/wordpress\/wp-content\/uploads\/2012\/10\/Foto1-Tagung-in-Dresden-2012.jpg\"><img loading=\"lazy\" decoding=\"async\" class=\"alignnone size-medium wp-image-958\" title=\"Foto1 Tagung in Dresden 2012\" src=\"https:\/\/www.dgs-fussball.de\/wordpress\/wp-content\/uploads\/2012\/10\/Foto1-Tagung-in-Dresden-2012-300x224.jpg\" alt=\"\" width=\"300\" height=\"224\" srcset=\"https:\/\/www.dgs-fussball.de\/wordpress\/wp-content\/uploads\/2012\/10\/Foto1-Tagung-in-Dresden-2012-300x224.jpg 300w, https:\/\/www.dgs-fussball.de\/wordpress\/wp-content\/uploads\/2012\/10\/Foto1-Tagung-in-Dresden-2012-1024x764.jpg 1024w\" sizes=\"auto, (max-width: 300px) 100vw, 300px\" \/><\/a><\/p>\n","protected":false},"excerpt":{"rendered":"<p>Vom 5. bis 6.Oktober 2012 fand im schmucken Geh\u00f6rlosenzentrum in Dresden die Arbeitstagung der DGS-Sparte Fu\u00dfball statt. Diese begann am Freitagnachmittag mit einer viertelst\u00fcndigen Versp\u00e4tung um 16:15 Uhr und endete am Abend um 20:30 Uhr. Samstags ging es ab 9:30 Uhr ohne Pause bis zur einst\u00fcndigen Mittagpause um 12:30 Uhr weiter. Samstagabend um 19:30 Uhr war diese im wesentlichen aus<\/p>\n","protected":false},"author":1,"featured_media":0,"comment_status":"closed","ping_status":"closed","sticky":false,"template":"","format":"standard","meta":{"ngg_post_thumbnail":0,"footnotes":""},"categories":[1],"tags":[],"class_list":["post-957","post","type-post","status-publish","format-standard","hentry","category-allgemein"],"_links":{"self":[{"href":"https:\/\/www.dgs-fussball.de\/index.php?rest_route=\/wp\/v2\/posts\/957","targetHints":{"allow":["GET"]}}],"collection":[{"href":"https:\/\/www.dgs-fussball.de\/index.php?rest_route=\/wp\/v2\/posts"}],"about":[{"href":"https:\/\/www.dgs-fussball.de\/index.php?rest_route=\/wp\/v2\/types\/post"}],"author":[{"embeddable":true,"href":"https:\/\/www.dgs-fussball.de\/index.php?rest_route=\/wp\/v2\/users\/1"}],"replies":[{"embeddable":true,"href":"https:\/\/www.dgs-fussball.de\/index.php?rest_route=%2Fwp%2Fv2%2Fcomments&post=957"}],"version-history":[{"count":1,"href":"https:\/\/www.dgs-fussball.de\/index.php?rest_route=\/wp\/v2\/posts\/957\/revisions"}],"predecessor-version":[{"id":959,"href":"https:\/\/www.dgs-fussball.de\/index.php?rest_route=\/wp\/v2\/posts\/957\/revisions\/959"}],"wp:attachment":[{"href":"https:\/\/www.dgs-fussball.de\/index.php?rest_route=%2Fwp%2Fv2%2Fmedia&parent=957"}],"wp:term":[{"taxonomy":"category","embeddable":true,"href":"https:\/\/www.dgs-fussball.de\/index.php?rest_route=%2Fwp%2Fv2%2Fcategories&post=957"},{"taxonomy":"post_tag","embeddable":true,"href":"https:\/\/www.dgs-fussball.de\/index.php?rest_route=%2Fwp%2Fv2%2Ftags&post=957"}],"curies":[{"name":"wp","href":"https:\/\/api.w.org\/{rel}","templated":true}]}}